{"id":10020,"date":"2025-03-25T16:13:26","date_gmt":"2025-03-25T15:13:26","guid":{"rendered":"https:\/\/secuoyastudios.com\/?p=10020"},"modified":"2025-03-25T16:13:26","modified_gmt":"2025-03-25T15:13:26","slug":"filming-begins-for-coartadas-starring-jaime-lorente-and-adriana-torrebejano","status":"publish","type":"post","link":"https:\/\/secuoyastudios.com\/en\/blog\/filming-begins-for-coartadas-starring-jaime-lorente-and-adriana-torrebejano\/","title":{"rendered":"Filming begins for Coartadas, starring Jaime Lorente and Adriana Torrebejano"},"content":{"rendered":"<article class=\"group\/turn w-full text-token-text-primary focus-visible:outline-none\" dir=\"auto\" tabindex=\"-1\" data-testid=\"conversation-turn-12\" data-scroll-anchor=\"false\">\n<div class=\"text-base my-auto mx-auto py-5 px-6\">\n<div class=\"mx-auto flex flex-1 text-base gap-4 md:gap-5 lg:gap-6 md:max-w-3xl lg:max-w-[40rem] xl:max-w-[48rem]\">\n<div class=\"group\/conversation-turn relative flex w-full min-w-0 flex-col agent-turn @xs\/thread:px-0 @sm\/thread:px-1.5 @md\/thread:px-4\">\n<div class=\"relative flex-col gap-1 md:gap-3\">\n<div class=\"flex max-w-full flex-col flex-grow\">\n<div class=\"min-h-8 text-message relative flex w-full flex-col items-end gap-2 whitespace-normal break-words text-start [.text-message+&amp;]:mt-5\" dir=\"auto\" data-message-author-role=\"assistant\" data-message-id=\"bdafffe2-8a5f-45b8-b54f-5ae365ed0130\" data-message-model-slug=\"gpt-4o\">\n<div class=\"flex w-full flex-col gap-1 empty:hidden first:pt-[3px]\">\n<div class=\"markdown prose w-full break-words dark:prose-invert light\">\n<h3 style=\"text-align: center;\" data-start=\"0\" data-end=\"195\">The new film directed by Mart\u00edn Cuervo, produced by Secuoya Studios, Buend\u00eda Estudios Canarias, Beta Fiction Spain, and \u00c1lamo Producciones, with the participation of Atresmedia and MovistarPlus+<\/h3>\n<\/div>\n<\/div>\n<\/div>\n<\/div>\n<\/div>\n<\/div>\n<\/div>\n<\/div>\n<\/article>\n<p class=\"\" data-start=\"0\" data-end=\"224\">Filming Begins for <em data-start=\"21\" data-end=\"32\">Coartadas<\/em>, the Upcoming Production from Secuoya Studios, Buend\u00eda Estudios Canarias, Beta Fiction Spain, and \u00c1lamo Producciones Audiovisuales, with the participation of Atresmedia and Movistar Plus+. Directed by Mart\u00edn Cuervo, this feature film delivers an emotional story filled with humor and romance, written by Curro Vel\u00e1zquez and Benjam\u00edn Herrero.<\/p>\n<p class=\"\" data-start=\"451\" data-end=\"697\">An adaptation of the original French film <em data-start=\"493\" data-end=\"504\">Alibi.com<\/em>, <em data-start=\"506\" data-end=\"517\">Coartadas<\/em> follows the story of Miguel, a young entrepreneur and founder of a company that specializes in fabricating lies for its clients\u2014people looking to escape compromising situations.<\/p>\n<p class=\"\" data-start=\"699\" data-end=\"1051\"><em data-start=\"699\" data-end=\"1018\">\"Spanish audiences strongly identify with local comedy, but they also appreciate a sentimental touch\u2014something with deeper emotional layers beyond just humor. That\u2019s why we want this film to be more than just a comedy; we aim to place it within the romantic comedy genre, offering a heartfelt and entertaining story,\"<\/em> shares director Mart\u00edn Cuervo.<\/p>\n<p class=\"\" data-start=\"1053\" data-end=\"1453\"><em data-start=\"1053\" data-end=\"1064\">Coartadas<\/em> boasts an outstanding Spanish cast, led by Jaime Lorente (<em data-start=\"1123\" data-end=\"1136\">Money Heist<\/em>) and Adriana Torrebejano (<em data-start=\"1163\" data-end=\"1180\">Under a Volcano<\/em>), alongside Leo Harlem (<em data-start=\"1205\" data-end=\"1224\">Superagente Makey<\/em>), Llum Barrera (<em data-start=\"1241\" data-end=\"1254\">Supernormal<\/em>), Ant\u00f3n Lofer (<em data-start=\"1270\" data-end=\"1282\">La Bandera<\/em>), Ana Jara, and Paula Prendes (<em data-start=\"1314\" data-end=\"1330\">La Encrucijada<\/em>). The film also features special appearances by Salva Reina (<em data-start=\"1392\" data-end=\"1409\">Cu\u00e1nto me queda<\/em>) and Mariam Hern\u00e1ndez (<em data-start=\"1433\" data-end=\"1449\">Todos lo hacen<\/em>).<\/p>\n<p class=\"\" data-start=\"1455\" data-end=\"1680\">Produced by Buend\u00eda Estudios Canarias, Coartadas la Pel\u00edcula (Secuoya Studios), Beta Fiction Spain, and \u00c1lamo Producciones Audiovisuales, the project is made possible with the participation of Atresmedia and Movistar Plus+.<\/p>\n<h3 class=\"\" data-start=\"1682\" data-end=\"1696\">Synopsis<\/h3>\n<p class=\"\" data-start=\"1698\" data-end=\"1882\">The story follows Miguel, the owner of <em data-start=\"1737\" data-end=\"1748\">Coartadas<\/em>, a company that creates alibis for people looking to deceive their partners or find convenient excuses to avoid certain situations.<\/p>\n<p class=\"\" data-start=\"1884\" data-end=\"2279\">One day, after completing a job that involved driving a hearse, Miguel accidentally hits a woman named Noelia with his car, only breaking her finger. They take her to the hospital, where they meet and quickly develop a connection. As they start dating, Miguel learns that Noelia is a judge who despises liars and frauds. To avoid conflict, he lies to her, claiming that he runs a funeral home.<\/p>\n<p class=\"\" data-start=\"2281\" data-end=\"2470\">Things take an unexpected turn when Miguel meets Noelia\u2019s parents, only to discover that her father is one of his clients\u2014a man who hired <em data-start=\"2419\" data-end=\"2430\">Coartadas<\/em> to cover up his extramarital affairs.<\/p>\n<p>&nbsp;<\/p>\n","protected":false},"excerpt":{"rendered":"<p>The new film directed by Mart\u00edn Cuervo, produced by Secuoya Studios, Buend\u00eda Estudios Canarias, Beta Fiction Spain, and \u00c1lamo Producciones, with the participation of Atresmedia and MovistarPlus+ Filming Begins for Coartadas, the Upcoming Production from [&hellip;]<\/p>\n","protected":false},"author":4,"featured_media":10022,"comment_status":"closed","ping_status":"closed","sticky":false,"template":"","format":"standard","meta":{"footnotes":""},"categories":[211,25],"tags":[],"class_list":["post-10020","post","type-post","status-publish","format-standard","has-post-thumbnail","hentry","category-cinema","category-uncategorized"],"yoast_head":"<!-- This site is optimized with the Yoast SEO plugin v24.9 - https:\/\/yoast.com\/wordpress\/plugins\/seo\/ -->\n<title>Filming begins for Coartadas, starring Jaime Lorente and Adriana Torrebejano<\/title>\n<meta name=\"description\" content=\"The new film directed by Mart\u00edn Cuervo, produced by Secuoya Studios, Buend\u00eda Estudios Canarias, Beta Fiction Spain, and \u00c1lamo Producciones, with the\" \/>\n<meta name=\"robots\" content=\"index, follow, max-snippet:-1, max-image-preview:large, max-video-preview:-1\" \/>\n<link rel=\"canonical\" href=\"https:\/\/secuoyastudios.com\/en\/blog\/filming-begins-for-coartadas-starring-jaime-lorente-and-adriana-torrebejano\/\" \/>\n<meta property=\"og:locale\" content=\"en_US\" \/>\n<meta property=\"og:type\" content=\"article\" \/>\n<meta property=\"og:title\" content=\"Filming begins for Coartadas, starring Jaime Lorente and Adriana Torrebejano\" \/>\n<meta property=\"og:description\" content=\"The new film directed by Mart\u00edn Cuervo, produced by Secuoya Studios, Buend\u00eda Estudios Canarias, Beta Fiction Spain, and \u00c1lamo Producciones, with the\" \/>\n<meta property=\"og:url\" content=\"https:\/\/secuoyastudios.com\/en\/blog\/filming-begins-for-coartadas-starring-jaime-lorente-and-adriana-torrebejano\/\" \/>\n<meta property=\"og:site_name\" content=\"Secuoya Studios\" \/>\n<meta property=\"article:published_time\" content=\"2025-03-25T15:13:26+00:00\" \/>\n<meta property=\"og:image\" content=\"https:\/\/secuoyastudios.com\/wp-content\/uploads\/2025\/03\/medidas-web-2025-03-25t160047.581.jpg\" \/>\n\t<meta property=\"og:image:width\" content=\"1920\" \/>\n\t<meta property=\"og:image:height\" content=\"1080\" \/>\n\t<meta property=\"og:image:type\" content=\"image\/jpeg\" \/>\n<meta name=\"author\" content=\"Cristina Abel\" \/>\n<meta name=\"twitter:card\" content=\"summary_large_image\" \/>\n<meta name=\"twitter:label1\" content=\"Written by\" \/>\n\t<meta name=\"twitter:data1\" content=\"Cristina Abel\" \/>\n\t<meta name=\"twitter:label2\" content=\"Est. reading time\" \/>\n\t<meta name=\"twitter:data2\" content=\"2 minutes\" \/>\n<script type=\"application\/ld+json\" class=\"yoast-schema-graph\">{\"@context\":\"https:\/\/schema.org\",\"@graph\":[{\"@type\":\"WebPage\",\"@id\":\"https:\/\/secuoyastudios.com\/en\/blog\/filming-begins-for-coartadas-starring-jaime-lorente-and-adriana-torrebejano\/\",\"url\":\"https:\/\/secuoyastudios.com\/en\/blog\/filming-begins-for-coartadas-starring-jaime-lorente-and-adriana-torrebejano\/\",\"name\":\"Filming begins for Coartadas, starring Jaime Lorente and Adriana Torrebejano\",\"isPartOf\":{\"@id\":\"https:\/\/secuoyastudios.com\/en\/#website\"},\"primaryImageOfPage\":{\"@id\":\"https:\/\/secuoyastudios.com\/en\/blog\/filming-begins-for-coartadas-starring-jaime-lorente-and-adriana-torrebejano\/#primaryimage\"},\"image\":{\"@id\":\"https:\/\/secuoyastudios.com\/en\/blog\/filming-begins-for-coartadas-starring-jaime-lorente-and-adriana-torrebejano\/#primaryimage\"},\"thumbnailUrl\":\"https:\/\/secuoyastudios.com\/wp-content\/uploads\/2025\/03\/medidas-web-2025-03-25t160047.581.jpg\",\"datePublished\":\"2025-03-25T15:13:26+00:00\",\"author\":{\"@id\":\"https:\/\/secuoyastudios.com\/en\/#\/schema\/person\/c08372c3b4095096846e41ca0b0c6cd0\"},\"description\":\"The new film directed by Mart\u00edn Cuervo, produced by Secuoya Studios, Buend\u00eda Estudios Canarias, Beta Fiction Spain, and \u00c1lamo Producciones, with the\",\"breadcrumb\":{\"@id\":\"https:\/\/secuoyastudios.com\/en\/blog\/filming-begins-for-coartadas-starring-jaime-lorente-and-adriana-torrebejano\/#breadcrumb\"},\"inLanguage\":\"en-US\",\"potentialAction\":[{\"@type\":\"ReadAction\",\"target\":[\"https:\/\/secuoyastudios.com\/en\/blog\/filming-begins-for-coartadas-starring-jaime-lorente-and-adriana-torrebejano\/\"]}]},{\"@type\":\"ImageObject\",\"inLanguage\":\"en-US\",\"@id\":\"https:\/\/secuoyastudios.com\/en\/blog\/filming-begins-for-coartadas-starring-jaime-lorente-and-adriana-torrebejano\/#primaryimage\",\"url\":\"https:\/\/secuoyastudios.com\/wp-content\/uploads\/2025\/03\/medidas-web-2025-03-25t160047.581.jpg\",\"contentUrl\":\"https:\/\/secuoyastudios.com\/wp-content\/uploads\/2025\/03\/medidas-web-2025-03-25t160047.581.jpg\",\"width\":1920,\"height\":1080},{\"@type\":\"BreadcrumbList\",\"@id\":\"https:\/\/secuoyastudios.com\/en\/blog\/filming-begins-for-coartadas-starring-jaime-lorente-and-adriana-torrebejano\/#breadcrumb\",\"itemListElement\":[{\"@type\":\"ListItem\",\"position\":1,\"name\":\"Inicio\",\"item\":\"https:\/\/secuoyastudios.com\/en\/\"},{\"@type\":\"ListItem\",\"position\":2,\"name\":\"Filming begins for Coartadas, starring Jaime Lorente and Adriana Torrebejano\"}]},{\"@type\":\"WebSite\",\"@id\":\"https:\/\/secuoyastudios.com\/en\/#website\",\"url\":\"https:\/\/secuoyastudios.com\/en\/\",\"name\":\"Secuoya Studios\",\"description\":\"\",\"potentialAction\":[{\"@type\":\"SearchAction\",\"target\":{\"@type\":\"EntryPoint\",\"urlTemplate\":\"https:\/\/secuoyastudios.com\/en\/?s={search_term_string}\"},\"query-input\":{\"@type\":\"PropertyValueSpecification\",\"valueRequired\":true,\"valueName\":\"search_term_string\"}}],\"inLanguage\":\"en-US\"},{\"@type\":\"Person\",\"@id\":\"https:\/\/secuoyastudios.com\/en\/#\/schema\/person\/c08372c3b4095096846e41ca0b0c6cd0\",\"name\":\"Cristina Abel\"}]}<\/script>\n<!-- \/ Yoast SEO plugin. -->","yoast_head_json":{"title":"Filming begins for Coartadas, starring Jaime Lorente and Adriana Torrebejano","description":"The new film directed by Mart\u00edn Cuervo, produced by Secuoya Studios, Buend\u00eda Estudios Canarias, Beta Fiction Spain, and \u00c1lamo Producciones, with the","robots":{"index":"index","follow":"follow","max-snippet":"max-snippet:-1","max-image-preview":"max-image-preview:large","max-video-preview":"max-video-preview:-1"},"canonical":"https:\/\/secuoyastudios.com\/en\/blog\/filming-begins-for-coartadas-starring-jaime-lorente-and-adriana-torrebejano\/","og_locale":"en_US","og_type":"article","og_title":"Filming begins for Coartadas, starring Jaime Lorente and Adriana Torrebejano","og_description":"The new film directed by Mart\u00edn Cuervo, produced by Secuoya Studios, Buend\u00eda Estudios Canarias, Beta Fiction Spain, and \u00c1lamo Producciones, with the","og_url":"https:\/\/secuoyastudios.com\/en\/blog\/filming-begins-for-coartadas-starring-jaime-lorente-and-adriana-torrebejano\/","og_site_name":"Secuoya Studios","article_published_time":"2025-03-25T15:13:26+00:00","og_image":[{"width":1920,"height":1080,"url":"https:\/\/secuoyastudios.com\/wp-content\/uploads\/2025\/03\/medidas-web-2025-03-25t160047.581.jpg","type":"image\/jpeg"}],"author":"Cristina Abel","twitter_card":"summary_large_image","twitter_misc":{"Written by":"Cristina Abel","Est. reading time":"2 minutes"},"schema":{"@context":"https:\/\/schema.org","@graph":[{"@type":"WebPage","@id":"https:\/\/secuoyastudios.com\/en\/blog\/filming-begins-for-coartadas-starring-jaime-lorente-and-adriana-torrebejano\/","url":"https:\/\/secuoyastudios.com\/en\/blog\/filming-begins-for-coartadas-starring-jaime-lorente-and-adriana-torrebejano\/","name":"Filming begins for Coartadas, starring Jaime Lorente and Adriana Torrebejano","isPartOf":{"@id":"https:\/\/secuoyastudios.com\/en\/#website"},"primaryImageOfPage":{"@id":"https:\/\/secuoyastudios.com\/en\/blog\/filming-begins-for-coartadas-starring-jaime-lorente-and-adriana-torrebejano\/#primaryimage"},"image":{"@id":"https:\/\/secuoyastudios.com\/en\/blog\/filming-begins-for-coartadas-starring-jaime-lorente-and-adriana-torrebejano\/#primaryimage"},"thumbnailUrl":"https:\/\/secuoyastudios.com\/wp-content\/uploads\/2025\/03\/medidas-web-2025-03-25t160047.581.jpg","datePublished":"2025-03-25T15:13:26+00:00","author":{"@id":"https:\/\/secuoyastudios.com\/en\/#\/schema\/person\/c08372c3b4095096846e41ca0b0c6cd0"},"description":"The new film directed by Mart\u00edn Cuervo, produced by Secuoya Studios, Buend\u00eda Estudios Canarias, Beta Fiction Spain, and \u00c1lamo Producciones, with the","breadcrumb":{"@id":"https:\/\/secuoyastudios.com\/en\/blog\/filming-begins-for-coartadas-starring-jaime-lorente-and-adriana-torrebejano\/#breadcrumb"},"inLanguage":"en-US","potentialAction":[{"@type":"ReadAction","target":["https:\/\/secuoyastudios.com\/en\/blog\/filming-begins-for-coartadas-starring-jaime-lorente-and-adriana-torrebejano\/"]}]},{"@type":"ImageObject","inLanguage":"en-US","@id":"https:\/\/secuoyastudios.com\/en\/blog\/filming-begins-for-coartadas-starring-jaime-lorente-and-adriana-torrebejano\/#primaryimage","url":"https:\/\/secuoyastudios.com\/wp-content\/uploads\/2025\/03\/medidas-web-2025-03-25t160047.581.jpg","contentUrl":"https:\/\/secuoyastudios.com\/wp-content\/uploads\/2025\/03\/medidas-web-2025-03-25t160047.581.jpg","width":1920,"height":1080},{"@type":"BreadcrumbList","@id":"https:\/\/secuoyastudios.com\/en\/blog\/filming-begins-for-coartadas-starring-jaime-lorente-and-adriana-torrebejano\/#breadcrumb","itemListElement":[{"@type":"ListItem","position":1,"name":"Inicio","item":"https:\/\/secuoyastudios.com\/en\/"},{"@type":"ListItem","position":2,"name":"Filming begins for Coartadas, starring Jaime Lorente and Adriana Torrebejano"}]},{"@type":"WebSite","@id":"https:\/\/secuoyastudios.com\/en\/#website","url":"https:\/\/secuoyastudios.com\/en\/","name":"Secuoya Studios","description":"","potentialAction":[{"@type":"SearchAction","target":{"@type":"EntryPoint","urlTemplate":"https:\/\/secuoyastudios.com\/en\/?s={search_term_string}"},"query-input":{"@type":"PropertyValueSpecification","valueRequired":true,"valueName":"search_term_string"}}],"inLanguage":"en-US"},{"@type":"Person","@id":"https:\/\/secuoyastudios.com\/en\/#\/schema\/person\/c08372c3b4095096846e41ca0b0c6cd0","name":"Cristina Abel"}]}},"_links":{"self":[{"href":"https:\/\/secuoyastudios.com\/en\/wp-json\/wp\/v2\/posts\/10020","targetHints":{"allow":["GET"]}}],"collection":[{"href":"https:\/\/secuoyastudios.com\/en\/wp-json\/wp\/v2\/posts"}],"about":[{"href":"https:\/\/secuoyastudios.com\/en\/wp-json\/wp\/v2\/types\/post"}],"author":[{"embeddable":true,"href":"https:\/\/secuoyastudios.com\/en\/wp-json\/wp\/v2\/users\/4"}],"replies":[{"embeddable":true,"href":"https:\/\/secuoyastudios.com\/en\/wp-json\/wp\/v2\/comments?post=10020"}],"version-history":[{"count":3,"href":"https:\/\/secuoyastudios.com\/en\/wp-json\/wp\/v2\/posts\/10020\/revisions"}],"predecessor-version":[{"id":10025,"href":"https:\/\/secuoyastudios.com\/en\/wp-json\/wp\/v2\/posts\/10020\/revisions\/10025"}],"wp:featuredmedia":[{"embeddable":true,"href":"https:\/\/secuoyastudios.com\/en\/wp-json\/wp\/v2\/media\/10022"}],"wp:attachment":[{"href":"https:\/\/secuoyastudios.com\/en\/wp-json\/wp\/v2\/media?parent=10020"}],"wp:term":[{"taxonomy":"category","embeddable":true,"href":"https:\/\/secuoyastudios.com\/en\/wp-json\/wp\/v2\/categories?post=10020"},{"taxonomy":"post_tag","embeddable":true,"href":"https:\/\/secuoyastudios.com\/en\/wp-json\/wp\/v2\/tags?post=10020"}],"curies":[{"name":"wp","href":"https:\/\/api.w.org\/{rel}","templated":true}]}}