{"id":10950,"date":"2025-09-01T10:01:24","date_gmt":"2025-09-01T08:01:24","guid":{"rendered":"https:\/\/secuoyastudios.com\/?p=10950"},"modified":"2025-09-01T10:01:24","modified_gmt":"2025-09-01T08:01:24","slug":"matices-to-premiere-in-germany-austria-and-switzerland-in-2026","status":"publish","type":"post","link":"https:\/\/secuoyastudios.com\/en\/blog\/matices-to-premiere-in-germany-austria-and-switzerland-in-2026\/","title":{"rendered":"'Matices' to premiere in Germany, Austria and Switzerland in 2026"},"content":{"rendered":"<h3 style=\"text-align: center;\" data-start=\"104\" data-end=\"232\">The series, produced by Secuoya Studios and Stellarmedia, expands its international journey with its premiere on AXN White<\/h3>\n<p data-start=\"234\" data-end=\"493\">The unsettling story hidden among the vineyards of <em data-start=\"285\" data-end=\"294\">Matices<\/em> continues to travel the world. The series, produced by Secuoya Studios and Stellarmedia, will further expand its international reach with three new destinations: Germany, Austria, and Switzerland.<\/p>\n<p data-start=\"495\" data-end=\"753\">The psychological thriller, which has already captivated audiences in Spain through <strong data-start=\"579\" data-end=\"594\">SkyShowtime<\/strong> and more recently in Latin America via <strong data-start=\"634\" data-end=\"648\">Universal+<\/strong>, will premiere for German-speaking audiences in 2026 on the pay-TV channel and platform <strong data-start=\"737\" data-end=\"750\">AXN White<\/strong>.<\/p>\n<p data-start=\"755\" data-end=\"1073\"><em data-start=\"755\" data-end=\"764\">Matices<\/em> brings together a first-class cast led by Maxi Iglesias, Enrique Arce, Hovik Keuchkerian, Juana Acosta, Fariba Sheikhan, Miriam Giovanelli, Eusebio Poncela, Ra\u00fal Prieto, and Elsa Pataky. The exceptional ensemble is further enriched by special performances from Luis Tosar, Luisa Mayol, and Alfonso Bassave.<\/p>\n<p data-start=\"1075\" data-end=\"1357\">This production is directed by Sergio C\u00e1novas, creator of the project alongside Javier Naya and Alex Meriweather, who also serve as executive producers together with Mar\u00eda Garc\u00eda-Castrill\u00f3n. The series also features the co-production of Camino de Valc\u00e1rcel, Naya, and Meriweather.<\/p>\n<h3 data-start=\"87\" data-end=\"153\">A new step in the international expansion of Secuoya Studios<\/h3>\n<p data-start=\"155\" data-end=\"501\">The arrival of <em data-start=\"170\" data-end=\"179\">Matices<\/em> in these three new territories marks another step forward in Secuoya Studios\u2019 internationalization strategy, strengthening its commitment to original content with global projection. The series, known for its unsettling narrative, thus joins the growing list of Spanish productions making their mark in European markets.<\/p>\n<p data-start=\"503\" data-end=\"613\">All eight episodes of <em data-start=\"525\" data-end=\"534\">Matices<\/em> are available on <strong data-start=\"552\" data-end=\"567\">SkyShowtime<\/strong> (Spain) and <strong data-start=\"580\" data-end=\"594\">Universal+<\/strong> (Latin America).<\/p>\n","protected":false},"excerpt":{"rendered":"<p>The series, produced by Secuoya Studios and Stellarmedia, expands its international journey with its premiere on AXN White The unsettling story hidden among the vineyards of Matices continues to travel the world. The series, produced [&hellip;]<\/p>\n","protected":false},"author":4,"featured_media":10946,"comment_status":"closed","ping_status":"closed","sticky":false,"template":"","format":"standard","meta":{"footnotes":""},"categories":[213],"tags":[],"class_list":["post-10950","post","type-post","status-publish","format-standard","has-post-thumbnail","hentry","category-fiction"],"yoast_head":"<!-- This site is optimized with the Yoast SEO plugin v24.9 - https:\/\/yoast.com\/wordpress\/plugins\/seo\/ -->\n<title>&#039;Matices&#039; to premiere in Germany, Austria and Switzerland in 2026<\/title>\n<meta name=\"description\" content=\"The series, produced by Secuoya Studios and Stellarmedia, expands its international journey with its premiere on AXN White The unsettling story hidden\" \/>\n<meta name=\"robots\" content=\"index, follow, max-snippet:-1, max-image-preview:large, max-video-preview:-1\" \/>\n<link rel=\"canonical\" href=\"https:\/\/secuoyastudios.com\/en\/blog\/matices-to-premiere-in-germany-austria-and-switzerland-in-2026\/\" \/>\n<meta property=\"og:locale\" content=\"en_US\" \/>\n<meta property=\"og:type\" content=\"article\" \/>\n<meta property=\"og:title\" content=\"&#039;Matices&#039; to premiere in Germany, Austria and Switzerland in 2026\" \/>\n<meta property=\"og:description\" content=\"The series, produced by Secuoya Studios and Stellarmedia, expands its international journey with its premiere on AXN White The unsettling story hidden\" \/>\n<meta property=\"og:url\" content=\"https:\/\/secuoyastudios.com\/en\/blog\/matices-to-premiere-in-germany-austria-and-switzerland-in-2026\/\" \/>\n<meta property=\"og:site_name\" content=\"Secuoya Studios\" \/>\n<meta property=\"article:published_time\" content=\"2025-09-01T08:01:24+00:00\" \/>\n<meta property=\"og:image\" content=\"https:\/\/secuoyastudios.com\/wp-content\/uploads\/2025\/09\/ep2personajes-12-baja.jpg\" \/>\n\t<meta property=\"og:image:width\" content=\"1950\" \/>\n\t<meta property=\"og:image:height\" content=\"1301\" \/>\n\t<meta property=\"og:image:type\" content=\"image\/jpeg\" \/>\n<meta name=\"author\" content=\"Cristina Abel\" \/>\n<meta name=\"twitter:card\" content=\"summary_large_image\" \/>\n<meta name=\"twitter:label1\" content=\"Written by\" \/>\n\t<meta name=\"twitter:data1\" content=\"Cristina Abel\" \/>\n\t<meta name=\"twitter:label2\" content=\"Est. reading time\" \/>\n\t<meta name=\"twitter:data2\" content=\"2 minutes\" \/>\n<script type=\"application\/ld+json\" class=\"yoast-schema-graph\">{\"@context\":\"https:\/\/schema.org\",\"@graph\":[{\"@type\":\"WebPage\",\"@id\":\"https:\/\/secuoyastudios.com\/en\/blog\/matices-to-premiere-in-germany-austria-and-switzerland-in-2026\/\",\"url\":\"https:\/\/secuoyastudios.com\/en\/blog\/matices-to-premiere-in-germany-austria-and-switzerland-in-2026\/\",\"name\":\"'Matices' to premiere in Germany, Austria and Switzerland in 2026\",\"isPartOf\":{\"@id\":\"https:\/\/secuoyastudios.com\/en\/#website\"},\"primaryImageOfPage\":{\"@id\":\"https:\/\/secuoyastudios.com\/en\/blog\/matices-to-premiere-in-germany-austria-and-switzerland-in-2026\/#primaryimage\"},\"image\":{\"@id\":\"https:\/\/secuoyastudios.com\/en\/blog\/matices-to-premiere-in-germany-austria-and-switzerland-in-2026\/#primaryimage\"},\"thumbnailUrl\":\"https:\/\/secuoyastudios.com\/wp-content\/uploads\/2025\/09\/ep2personajes-12-baja.jpg\",\"datePublished\":\"2025-09-01T08:01:24+00:00\",\"author\":{\"@id\":\"https:\/\/secuoyastudios.com\/en\/#\/schema\/person\/c08372c3b4095096846e41ca0b0c6cd0\"},\"description\":\"The series, produced by Secuoya Studios and Stellarmedia, expands its international journey with its premiere on AXN White The unsettling story hidden\",\"breadcrumb\":{\"@id\":\"https:\/\/secuoyastudios.com\/en\/blog\/matices-to-premiere-in-germany-austria-and-switzerland-in-2026\/#breadcrumb\"},\"inLanguage\":\"en-US\",\"potentialAction\":[{\"@type\":\"ReadAction\",\"target\":[\"https:\/\/secuoyastudios.com\/en\/blog\/matices-to-premiere-in-germany-austria-and-switzerland-in-2026\/\"]}]},{\"@type\":\"ImageObject\",\"inLanguage\":\"en-US\",\"@id\":\"https:\/\/secuoyastudios.com\/en\/blog\/matices-to-premiere-in-germany-austria-and-switzerland-in-2026\/#primaryimage\",\"url\":\"https:\/\/secuoyastudios.com\/wp-content\/uploads\/2025\/09\/ep2personajes-12-baja.jpg\",\"contentUrl\":\"https:\/\/secuoyastudios.com\/wp-content\/uploads\/2025\/09\/ep2personajes-12-baja.jpg\",\"width\":1950,\"height\":1301},{\"@type\":\"BreadcrumbList\",\"@id\":\"https:\/\/secuoyastudios.com\/en\/blog\/matices-to-premiere-in-germany-austria-and-switzerland-in-2026\/#breadcrumb\",\"itemListElement\":[{\"@type\":\"ListItem\",\"position\":1,\"name\":\"Inicio\",\"item\":\"https:\/\/secuoyastudios.com\/en\/\"},{\"@type\":\"ListItem\",\"position\":2,\"name\":\"'Matices' to premiere in Germany, Austria and Switzerland in 2026\"}]},{\"@type\":\"WebSite\",\"@id\":\"https:\/\/secuoyastudios.com\/en\/#website\",\"url\":\"https:\/\/secuoyastudios.com\/en\/\",\"name\":\"Secuoya Studios\",\"description\":\"\",\"potentialAction\":[{\"@type\":\"SearchAction\",\"target\":{\"@type\":\"EntryPoint\",\"urlTemplate\":\"https:\/\/secuoyastudios.com\/en\/?s={search_term_string}\"},\"query-input\":{\"@type\":\"PropertyValueSpecification\",\"valueRequired\":true,\"valueName\":\"search_term_string\"}}],\"inLanguage\":\"en-US\"},{\"@type\":\"Person\",\"@id\":\"https:\/\/secuoyastudios.com\/en\/#\/schema\/person\/c08372c3b4095096846e41ca0b0c6cd0\",\"name\":\"Cristina Abel\"}]}<\/script>\n<!-- \/ Yoast SEO plugin. -->","yoast_head_json":{"title":"'Matices' to premiere in Germany, Austria and Switzerland in 2026","description":"The series, produced by Secuoya Studios and Stellarmedia, expands its international journey with its premiere on AXN White The unsettling story hidden","robots":{"index":"index","follow":"follow","max-snippet":"max-snippet:-1","max-image-preview":"max-image-preview:large","max-video-preview":"max-video-preview:-1"},"canonical":"https:\/\/secuoyastudios.com\/en\/blog\/matices-to-premiere-in-germany-austria-and-switzerland-in-2026\/","og_locale":"en_US","og_type":"article","og_title":"'Matices' to premiere in Germany, Austria and Switzerland in 2026","og_description":"The series, produced by Secuoya Studios and Stellarmedia, expands its international journey with its premiere on AXN White The unsettling story hidden","og_url":"https:\/\/secuoyastudios.com\/en\/blog\/matices-to-premiere-in-germany-austria-and-switzerland-in-2026\/","og_site_name":"Secuoya Studios","article_published_time":"2025-09-01T08:01:24+00:00","og_image":[{"width":1950,"height":1301,"url":"https:\/\/secuoyastudios.com\/wp-content\/uploads\/2025\/09\/ep2personajes-12-baja.jpg","type":"image\/jpeg"}],"author":"Cristina Abel","twitter_card":"summary_large_image","twitter_misc":{"Written by":"Cristina Abel","Est. reading time":"2 minutes"},"schema":{"@context":"https:\/\/schema.org","@graph":[{"@type":"WebPage","@id":"https:\/\/secuoyastudios.com\/en\/blog\/matices-to-premiere-in-germany-austria-and-switzerland-in-2026\/","url":"https:\/\/secuoyastudios.com\/en\/blog\/matices-to-premiere-in-germany-austria-and-switzerland-in-2026\/","name":"'Matices' to premiere in Germany, Austria and Switzerland in 2026","isPartOf":{"@id":"https:\/\/secuoyastudios.com\/en\/#website"},"primaryImageOfPage":{"@id":"https:\/\/secuoyastudios.com\/en\/blog\/matices-to-premiere-in-germany-austria-and-switzerland-in-2026\/#primaryimage"},"image":{"@id":"https:\/\/secuoyastudios.com\/en\/blog\/matices-to-premiere-in-germany-austria-and-switzerland-in-2026\/#primaryimage"},"thumbnailUrl":"https:\/\/secuoyastudios.com\/wp-content\/uploads\/2025\/09\/ep2personajes-12-baja.jpg","datePublished":"2025-09-01T08:01:24+00:00","author":{"@id":"https:\/\/secuoyastudios.com\/en\/#\/schema\/person\/c08372c3b4095096846e41ca0b0c6cd0"},"description":"The series, produced by Secuoya Studios and Stellarmedia, expands its international journey with its premiere on AXN White The unsettling story hidden","breadcrumb":{"@id":"https:\/\/secuoyastudios.com\/en\/blog\/matices-to-premiere-in-germany-austria-and-switzerland-in-2026\/#breadcrumb"},"inLanguage":"en-US","potentialAction":[{"@type":"ReadAction","target":["https:\/\/secuoyastudios.com\/en\/blog\/matices-to-premiere-in-germany-austria-and-switzerland-in-2026\/"]}]},{"@type":"ImageObject","inLanguage":"en-US","@id":"https:\/\/secuoyastudios.com\/en\/blog\/matices-to-premiere-in-germany-austria-and-switzerland-in-2026\/#primaryimage","url":"https:\/\/secuoyastudios.com\/wp-content\/uploads\/2025\/09\/ep2personajes-12-baja.jpg","contentUrl":"https:\/\/secuoyastudios.com\/wp-content\/uploads\/2025\/09\/ep2personajes-12-baja.jpg","width":1950,"height":1301},{"@type":"BreadcrumbList","@id":"https:\/\/secuoyastudios.com\/en\/blog\/matices-to-premiere-in-germany-austria-and-switzerland-in-2026\/#breadcrumb","itemListElement":[{"@type":"ListItem","position":1,"name":"Inicio","item":"https:\/\/secuoyastudios.com\/en\/"},{"@type":"ListItem","position":2,"name":"'Matices' to premiere in Germany, Austria and Switzerland in 2026"}]},{"@type":"WebSite","@id":"https:\/\/secuoyastudios.com\/en\/#website","url":"https:\/\/secuoyastudios.com\/en\/","name":"Secuoya Studios","description":"","potentialAction":[{"@type":"SearchAction","target":{"@type":"EntryPoint","urlTemplate":"https:\/\/secuoyastudios.com\/en\/?s={search_term_string}"},"query-input":{"@type":"PropertyValueSpecification","valueRequired":true,"valueName":"search_term_string"}}],"inLanguage":"en-US"},{"@type":"Person","@id":"https:\/\/secuoyastudios.com\/en\/#\/schema\/person\/c08372c3b4095096846e41ca0b0c6cd0","name":"Cristina Abel"}]}},"_links":{"self":[{"href":"https:\/\/secuoyastudios.com\/en\/wp-json\/wp\/v2\/posts\/10950","targetHints":{"allow":["GET"]}}],"collection":[{"href":"https:\/\/secuoyastudios.com\/en\/wp-json\/wp\/v2\/posts"}],"about":[{"href":"https:\/\/secuoyastudios.com\/en\/wp-json\/wp\/v2\/types\/post"}],"author":[{"embeddable":true,"href":"https:\/\/secuoyastudios.com\/en\/wp-json\/wp\/v2\/users\/4"}],"replies":[{"embeddable":true,"href":"https:\/\/secuoyastudios.com\/en\/wp-json\/wp\/v2\/comments?post=10950"}],"version-history":[{"count":2,"href":"https:\/\/secuoyastudios.com\/en\/wp-json\/wp\/v2\/posts\/10950\/revisions"}],"predecessor-version":[{"id":10952,"href":"https:\/\/secuoyastudios.com\/en\/wp-json\/wp\/v2\/posts\/10950\/revisions\/10952"}],"wp:featuredmedia":[{"embeddable":true,"href":"https:\/\/secuoyastudios.com\/en\/wp-json\/wp\/v2\/media\/10946"}],"wp:attachment":[{"href":"https:\/\/secuoyastudios.com\/en\/wp-json\/wp\/v2\/media?parent=10950"}],"wp:term":[{"taxonomy":"category","embeddable":true,"href":"https:\/\/secuoyastudios.com\/en\/wp-json\/wp\/v2\/categories?post=10950"},{"taxonomy":"post_tag","embeddable":true,"href":"https:\/\/secuoyastudios.com\/en\/wp-json\/wp\/v2\/tags?post=10950"}],"curies":[{"name":"wp","href":"https:\/\/api.w.org\/{rel}","templated":true}]}}