{"id":5386,"date":"2022-12-01T10:29:40","date_gmt":"2022-12-01T09:29:40","guid":{"rendered":"https:\/\/secuoyastudios.com\/uncategorized\/las-peliculas-de-dani-de-la-orden-un-director-de-cine-con-estilo-propio\/"},"modified":"2023-01-27T12:06:44","modified_gmt":"2023-01-27T11:06:44","slug":"las-peliculas-de-dani-de-la-orden-un-director-de-cine-con-estilo-propio","status":"publish","type":"post","link":"https:\/\/secuoyastudios.com\/en\/blog\/the-movies-of-dani-de-la-orden-a-film-director-with-his-own-style\/","title":{"rendered":"The Movies of Dani de la Orden, a Film Director with His Own Style"},"content":{"rendered":"<p>The <b>films of Dani de la Orden<\/b>\u00a0are always synonymous with success. The premature talent of this young creator from Barcelona has led him to being hailed as one of the most prolific filmmakers in Spanish cinema. If there\u2019s one thing that stands out in his filmography, it\u2019s his steady and solid collaboration with <b>\u00c1lamo Producciones Audiovisuales, partner to Secuoya Studios in the development of cinematic projects<\/b>. Here we analyse some of his feature-length films so you can see for yourselves why this man is one of today\u2019s most acclaimed directors.<\/p>\n<h2><b>The Best Known Films of Dani de la Orden<\/b><\/h2>\n<p>Undoubtedly, what sets apart a good filmmaker is their ability to develop and maintain their own voice, a <b>recognizable style that runs throughout their work<\/b>. And that\u2019s something <b>Dani de la Orden<\/b>\u00a0does in all the films he has directed for <b>\u00c1lamo Producciones Audiovisuales<\/b>.<\/p>\n<h3><b>\u2018The Best Summer of My Life\u2019<\/b><\/h3>\n<p>In 2018, he released\u00a0<a href=\"https:\/\/secuoyastudios.com\/el-mejor-verano-de-mi-vida\/\"><b>\u2018The Best Summer of My Life\u2019<\/b><\/a>, a comedy starring <b>Leo Harlem<\/b>\u00a0and\u00a0<b>Toni Acosta<\/b>\u00a0that was presented at the <b>Malaga Film Festival<\/b> the same year of its release and was screened in 2019 at the <b>Miami Film Festival<\/b>.<\/p>\n<p>Co-produced by\u00a0<b>\u00c1lamo Producciones Audiovisuales<\/b>\u00a0and Atresmedia Cine, it recounts the summer holidays of Curro, a kitchen robot salesman with a secret ambition to make it big in the financial world. Although finances are evidently not his strong point, as, in the middle of a marital and economic crisis, he promises his son that if he gets top marks at school he\u2019ll take him on the holiday of a lifetime. Of course, the boy miraculously pulls it off, putting Curro in an awkward position. This is the starting point for Curro\u2019s transformation, which comes about thanks to the trip, the characters they meet along the way and the time he spends with his son. The film is a celebration of <b>the importance of a sense of humour<\/b>.<\/p>\n<h3><b>\u2018Litus\u2019<\/b><\/h3>\n<p>2019 was the release year of the <b>comedy drama<\/b>\u00a0<a href=\"https:\/\/secuoyastudios.com\/litus\/\"><b>\u2018Litus\u2019<\/b><\/a>, which has an all star cast that includes <b>Quim Guti\u00e9rrez<\/b>,\u00a0<b>Bel\u00e9n Cuesta<\/b>,\u00a0<b>\u00c1lex Garc\u00eda<\/b>,\u00a0<b>Adri\u00e1n Lastra<\/b>,\u00a0<b>Miquel Fern\u00e1ndez<\/b>\u00a0and<b>\u00a0Marta Nieto<\/b>.<\/p>\n<p>In this the second of <b>Dani de la Orden\u2019s <\/b>films\u00a0with\u00a0<b>\u00c1lamo Producciones Audiovisuales<\/b>,\u00a0a group of friends are finally able to come together again following the death of one of the group, Litus. The meeting promised to be a relaxed one, focused on the memories they all shared with their late friend, but Litus has left farewell letters for each of them. And <b>secrets<\/b> that have been kept well guarded until now, are brought out <b>into the light<\/b>.<\/p>\n<p>Critics described it as outstanding, especially thanks to its clever dialogues and brilliant performances.<\/p>\n<h3><b>\u2018The Wedding Unplanner\u2019<\/b><\/h3>\n<p><a href=\"https:\/\/secuoyastudios.com\/hasta-que-la-boda-nos-separe\/\"><b>\u2018The Wedding Unplanner\u2019<\/b><\/a> was released in 2020 with a cast that includes <b>Bel\u00e9n Cuesta<\/b>,\u00a0<b>\u00c1lex Garc\u00eda<\/b>,\u00a0<b>Silvia Alonso<\/b>,\u00a0<b>Miriam Hern\u00e1ndez<\/b>,\u00a0<b>Adri\u00e1n Lastra<\/b>,\u00a0<b>Antonio Dechent<\/b>,\u00a0<b>Salva Reina<\/b>,\u00a0<b>Leo Harlem<\/b>\u00a0and\u00a0<b>Gracia Olayo<\/b>.<\/p>\n<p>The title is already a harbinger of what\u2019s to come in this co-production of <b>\u00c1lamo Producciones Audiovisuales<\/b>\u00a0and Atresmedia Cine, which enjoys the participation of Movistar Plus+ and Orange.<\/p>\n<p>This is a <b>comedy of intrigue<\/b> in which <b>Marina (Bel\u00e9n Cuesta)<\/b>, an unscrupulous, independent woman who organizes fancy weddings has an affair with her best friend\u2019s boyfriend. Things get complicated when her friend finds Marina\u2019s business card in her boyfriend\u2019s pocket and interprets this as a marriage proposal.<\/p>\n<p>This film, acclaimed by critics and audiences alike, has been defined as <b>a heart-warming surprise and seamlessly pieced together<\/b>.<\/p>\n<h3><img decoding=\"async\" class=\"alignnone wp-image-5108 size-full\" title=\"MAM\u00c1 O PAP\u00c1 pel\u00edcula de Dani de la Orden\" src=\"https:\/\/secuoyastudios.com\/wp-content\/uploads\/2022\/12\/mama-o-papa.jpg\" alt=\"MAM\u00c1 O PAP\u00c1\" width=\"1600\" height=\"907\" srcset=\"https:\/\/secuoyastudios.com\/wp-content\/uploads\/2022\/12\/mama-o-papa.jpg 1600w, https:\/\/secuoyastudios.com\/wp-content\/uploads\/2022\/12\/mama-o-papa-300x170.jpg 300w, https:\/\/secuoyastudios.com\/wp-content\/uploads\/2022\/12\/mama-o-papa-1024x580.jpg 1024w, https:\/\/secuoyastudios.com\/wp-content\/uploads\/2022\/12\/mama-o-papa-768x435.jpg 768w, https:\/\/secuoyastudios.com\/wp-content\/uploads\/2022\/12\/mama-o-papa-1536x871.jpg 1536w\" sizes=\"(max-width: 1600px) 100vw, 1600px\" \/><\/h3>\n<h3><b>\u2018Mom or Dad\u2019<\/b><\/h3>\n<p>In 2021, Dani de la Orden directed\u00a0<b>Paco Le\u00f3n<\/b>,\u00a0<b>Miren Ibarguren<\/b>,\u00a0<b>Eva Ugarte<\/b>\u00a0and\u00a0<b>Sof\u00eda Oria<\/b>\u00a0in\u00a0<a href=\"https:\/\/secuoyastudios.com\/mama-o-papa\/\"><b>\u2018Mom or Dad<\/b><\/a>\u2019, a remake of the French film \u2018Papa ou maman\u2019 which offers an <b>alternative view of complicated divorces<\/b>.<\/p>\n<p>For Flora and V\u00edctor, the problem isn\u2019t who can win custody of the kids, or at least not in the traditional sense. The aspirations of this ambitious ex-couple, both of whom have recently been promoted, is for it to be the other one who has to keep the kids.<\/p>\n<h3><b>\u2018El test\u2019<\/b><\/h3>\n<p>2022 was the year of <a href=\"https:\/\/secuoyastudios.com\/el-test\/\"><b>\u2018El test\u2019<\/b><\/a>, one of <b>Dani de la Orden\u2019s latest films<\/b>.\u00a0<b>Would you choose to take<\/b> <b>\u20ac100,000 now or a million in ten years?<\/b>\u00a0That\u2019s the choice facing the two couples in this film, played by <b>Miren Ibarguren<\/b>,\u00a0<b>Alberto San Juan<\/b>,\u00a0<b>Carlos Santos<\/b>\u00a0and\u00a0<b>Blanca Su\u00e1rez<\/b>.<\/p>\n<p><img decoding=\"async\" class=\"alignnone wp-image-5112 size-full\" title=\"El test pel\u00edcula de Dani de la Orden\" src=\"https:\/\/secuoyastudios.com\/wp-content\/uploads\/2022\/12\/dani-de-la-orden.jpg\" alt=\"El test de Dani de la Orden\" width=\"1600\" height=\"1100\" srcset=\"https:\/\/secuoyastudios.com\/wp-content\/uploads\/2022\/12\/dani-de-la-orden.jpg 1600w, https:\/\/secuoyastudios.com\/wp-content\/uploads\/2022\/12\/dani-de-la-orden-300x206.jpg 300w, https:\/\/secuoyastudios.com\/wp-content\/uploads\/2022\/12\/dani-de-la-orden-1024x704.jpg 1024w, https:\/\/secuoyastudios.com\/wp-content\/uploads\/2022\/12\/dani-de-la-orden-768x528.jpg 768w, https:\/\/secuoyastudios.com\/wp-content\/uploads\/2022\/12\/dani-de-la-orden-1536x1056.jpg 1536w\" sizes=\"(max-width: 1600px) 100vw, 1600px\" \/><\/p>\n<p>Of course, nobody can reach an agreement in this comedy, which <b>begins as a game and ends by revealing the true personalities<\/b> of its protagonists.<\/p>\n<p>This is just a <b>small sample of films made by Dani de la Orden<\/b>, a director with a shining past, an enviable present and one of the most promisingly successful futures in cinema. Because this outstanding filmmaker\u2019s career can only go in one direction, and that\u2019s upwards.<\/p>\n","protected":false},"excerpt":{"rendered":"<p>The films of Dani de la Orden\u00a0are always synonymous with success. The premature talent of this young creator from Barcelona has led him to being hailed as one of the most prolific filmmakers in Spanish [&hellip;]<\/p>\n","protected":false},"author":1,"featured_media":5111,"comment_status":"open","ping_status":"open","sticky":false,"template":"","format":"standard","meta":{"footnotes":""},"categories":[211],"tags":[380],"class_list":["post-5386","post","type-post","status-publish","format-standard","has-post-thumbnail","hentry","category-cinema","tag-dani-de-la-orden-en"],"yoast_head":"<!-- This site is optimized with the Yoast SEO plugin v24.9 - https:\/\/yoast.com\/wordpress\/plugins\/seo\/ -->\n<title>The Movies of Dani de la Orden<\/title>\n<meta name=\"description\" content=\"Everything about the films of Dani de la Orden, a film director with his own style. Learn more about some of his feature films, such as &#039;El test&#039;\" \/>\n<meta name=\"robots\" content=\"index, follow, max-snippet:-1, max-image-preview:large, max-video-preview:-1\" \/>\n<link rel=\"canonical\" href=\"https:\/\/secuoyastudios.com\/en\/blog\/the-movies-of-dani-de-la-orden-a-film-director-with-his-own-style\/\" \/>\n<meta property=\"og:locale\" content=\"en_US\" \/>\n<meta property=\"og:type\" content=\"article\" \/>\n<meta property=\"og:title\" content=\"The Movies of Dani de la Orden\" \/>\n<meta property=\"og:description\" content=\"Everything about the films of Dani de la Orden, a film director with his own style. Learn more about some of his feature films, such as &#039;El test&#039;\" \/>\n<meta property=\"og:url\" content=\"https:\/\/secuoyastudios.com\/en\/blog\/the-movies-of-dani-de-la-orden-a-film-director-with-his-own-style\/\" \/>\n<meta property=\"og:site_name\" content=\"Secuoya Studios\" \/>\n<meta property=\"article:published_time\" content=\"2022-12-01T09:29:40+00:00\" \/>\n<meta property=\"article:modified_time\" content=\"2023-01-27T11:06:44+00:00\" \/>\n<meta property=\"og:image\" content=\"https:\/\/secuoyastudios.com\/wp-content\/uploads\/2022\/12\/dani-de-la-orden-director.jpg\" \/>\n\t<meta property=\"og:image:width\" content=\"1600\" \/>\n\t<meta property=\"og:image:height\" content=\"1067\" \/>\n\t<meta property=\"og:image:type\" content=\"image\/jpeg\" \/>\n<meta name=\"twitter:card\" content=\"summary_large_image\" \/>\n<meta name=\"twitter:label1\" content=\"Written by\" \/>\n\t<meta name=\"twitter:data1\" content=\"\" \/>\n\t<meta name=\"twitter:label2\" content=\"Est. reading time\" \/>\n\t<meta name=\"twitter:data2\" content=\"4 minutes\" \/>\n<script type=\"application\/ld+json\" class=\"yoast-schema-graph\">{\"@context\":\"https:\/\/schema.org\",\"@graph\":[{\"@type\":\"WebPage\",\"@id\":\"https:\/\/secuoyastudios.com\/en\/blog\/the-movies-of-dani-de-la-orden-a-film-director-with-his-own-style\/\",\"url\":\"https:\/\/secuoyastudios.com\/en\/blog\/the-movies-of-dani-de-la-orden-a-film-director-with-his-own-style\/\",\"name\":\"The Movies of Dani de la Orden\",\"isPartOf\":{\"@id\":\"https:\/\/secuoyastudios.com\/en\/#website\"},\"primaryImageOfPage\":{\"@id\":\"https:\/\/secuoyastudios.com\/en\/blog\/the-movies-of-dani-de-la-orden-a-film-director-with-his-own-style\/#primaryimage\"},\"image\":{\"@id\":\"https:\/\/secuoyastudios.com\/en\/blog\/the-movies-of-dani-de-la-orden-a-film-director-with-his-own-style\/#primaryimage\"},\"thumbnailUrl\":\"https:\/\/secuoyastudios.com\/wp-content\/uploads\/2022\/12\/dani-de-la-orden-director.jpg\",\"datePublished\":\"2022-12-01T09:29:40+00:00\",\"dateModified\":\"2023-01-27T11:06:44+00:00\",\"author\":{\"@id\":\"\"},\"description\":\"Everything about the films of Dani de la Orden, a film director with his own style. Learn more about some of his feature films, such as 'El test'\",\"breadcrumb\":{\"@id\":\"https:\/\/secuoyastudios.com\/en\/blog\/the-movies-of-dani-de-la-orden-a-film-director-with-his-own-style\/#breadcrumb\"},\"inLanguage\":\"en-US\",\"potentialAction\":[{\"@type\":\"ReadAction\",\"target\":[\"https:\/\/secuoyastudios.com\/en\/blog\/the-movies-of-dani-de-la-orden-a-film-director-with-his-own-style\/\"]}]},{\"@type\":\"ImageObject\",\"inLanguage\":\"en-US\",\"@id\":\"https:\/\/secuoyastudios.com\/en\/blog\/the-movies-of-dani-de-la-orden-a-film-director-with-his-own-style\/#primaryimage\",\"url\":\"https:\/\/secuoyastudios.com\/wp-content\/uploads\/2022\/12\/dani-de-la-orden-director.jpg\",\"contentUrl\":\"https:\/\/secuoyastudios.com\/wp-content\/uploads\/2022\/12\/dani-de-la-orden-director.jpg\",\"width\":1600,\"height\":1067,\"caption\":\"Director Dani de la Orden\"},{\"@type\":\"BreadcrumbList\",\"@id\":\"https:\/\/secuoyastudios.com\/en\/blog\/the-movies-of-dani-de-la-orden-a-film-director-with-his-own-style\/#breadcrumb\",\"itemListElement\":[{\"@type\":\"ListItem\",\"position\":1,\"name\":\"Inicio\",\"item\":\"https:\/\/secuoyastudios.com\/en\/\"},{\"@type\":\"ListItem\",\"position\":2,\"name\":\"The Movies of Dani de la Orden, a Film Director with His Own Style\"}]},{\"@type\":\"WebSite\",\"@id\":\"https:\/\/secuoyastudios.com\/en\/#website\",\"url\":\"https:\/\/secuoyastudios.com\/en\/\",\"name\":\"Secuoya Studios\",\"description\":\"\",\"potentialAction\":[{\"@type\":\"SearchAction\",\"target\":{\"@type\":\"EntryPoint\",\"urlTemplate\":\"https:\/\/secuoyastudios.com\/en\/?s={search_term_string}\"},\"query-input\":{\"@type\":\"PropertyValueSpecification\",\"valueRequired\":true,\"valueName\":\"search_term_string\"}}],\"inLanguage\":\"en-US\"},{\"@type\":\"Person\",\"@id\":\"\"}]}<\/script>\n<!-- \/ Yoast SEO plugin. -->","yoast_head_json":{"title":"The Movies of Dani de la Orden","description":"Everything about the films of Dani de la Orden, a film director with his own style. Learn more about some of his feature films, such as 'El test'","robots":{"index":"index","follow":"follow","max-snippet":"max-snippet:-1","max-image-preview":"max-image-preview:large","max-video-preview":"max-video-preview:-1"},"canonical":"https:\/\/secuoyastudios.com\/en\/blog\/the-movies-of-dani-de-la-orden-a-film-director-with-his-own-style\/","og_locale":"en_US","og_type":"article","og_title":"The Movies of Dani de la Orden","og_description":"Everything about the films of Dani de la Orden, a film director with his own style. Learn more about some of his feature films, such as 'El test'","og_url":"https:\/\/secuoyastudios.com\/en\/blog\/the-movies-of-dani-de-la-orden-a-film-director-with-his-own-style\/","og_site_name":"Secuoya Studios","article_published_time":"2022-12-01T09:29:40+00:00","article_modified_time":"2023-01-27T11:06:44+00:00","og_image":[{"width":1600,"height":1067,"url":"https:\/\/secuoyastudios.com\/wp-content\/uploads\/2022\/12\/dani-de-la-orden-director.jpg","type":"image\/jpeg"}],"twitter_card":"summary_large_image","twitter_misc":{"Written by":"","Est. reading time":"4 minutes"},"schema":{"@context":"https:\/\/schema.org","@graph":[{"@type":"WebPage","@id":"https:\/\/secuoyastudios.com\/en\/blog\/the-movies-of-dani-de-la-orden-a-film-director-with-his-own-style\/","url":"https:\/\/secuoyastudios.com\/en\/blog\/the-movies-of-dani-de-la-orden-a-film-director-with-his-own-style\/","name":"The Movies of Dani de la Orden","isPartOf":{"@id":"https:\/\/secuoyastudios.com\/en\/#website"},"primaryImageOfPage":{"@id":"https:\/\/secuoyastudios.com\/en\/blog\/the-movies-of-dani-de-la-orden-a-film-director-with-his-own-style\/#primaryimage"},"image":{"@id":"https:\/\/secuoyastudios.com\/en\/blog\/the-movies-of-dani-de-la-orden-a-film-director-with-his-own-style\/#primaryimage"},"thumbnailUrl":"https:\/\/secuoyastudios.com\/wp-content\/uploads\/2022\/12\/dani-de-la-orden-director.jpg","datePublished":"2022-12-01T09:29:40+00:00","dateModified":"2023-01-27T11:06:44+00:00","author":{"@id":""},"description":"Everything about the films of Dani de la Orden, a film director with his own style. Learn more about some of his feature films, such as 'El test'","breadcrumb":{"@id":"https:\/\/secuoyastudios.com\/en\/blog\/the-movies-of-dani-de-la-orden-a-film-director-with-his-own-style\/#breadcrumb"},"inLanguage":"en-US","potentialAction":[{"@type":"ReadAction","target":["https:\/\/secuoyastudios.com\/en\/blog\/the-movies-of-dani-de-la-orden-a-film-director-with-his-own-style\/"]}]},{"@type":"ImageObject","inLanguage":"en-US","@id":"https:\/\/secuoyastudios.com\/en\/blog\/the-movies-of-dani-de-la-orden-a-film-director-with-his-own-style\/#primaryimage","url":"https:\/\/secuoyastudios.com\/wp-content\/uploads\/2022\/12\/dani-de-la-orden-director.jpg","contentUrl":"https:\/\/secuoyastudios.com\/wp-content\/uploads\/2022\/12\/dani-de-la-orden-director.jpg","width":1600,"height":1067,"caption":"Director Dani de la Orden"},{"@type":"BreadcrumbList","@id":"https:\/\/secuoyastudios.com\/en\/blog\/the-movies-of-dani-de-la-orden-a-film-director-with-his-own-style\/#breadcrumb","itemListElement":[{"@type":"ListItem","position":1,"name":"Inicio","item":"https:\/\/secuoyastudios.com\/en\/"},{"@type":"ListItem","position":2,"name":"The Movies of Dani de la Orden, a Film Director with His Own Style"}]},{"@type":"WebSite","@id":"https:\/\/secuoyastudios.com\/en\/#website","url":"https:\/\/secuoyastudios.com\/en\/","name":"Secuoya Studios","description":"","potentialAction":[{"@type":"SearchAction","target":{"@type":"EntryPoint","urlTemplate":"https:\/\/secuoyastudios.com\/en\/?s={search_term_string}"},"query-input":{"@type":"PropertyValueSpecification","valueRequired":true,"valueName":"search_term_string"}}],"inLanguage":"en-US"},{"@type":"Person","@id":""}]}},"_links":{"self":[{"href":"https:\/\/secuoyastudios.com\/en\/wp-json\/wp\/v2\/posts\/5386","targetHints":{"allow":["GET"]}}],"collection":[{"href":"https:\/\/secuoyastudios.com\/en\/wp-json\/wp\/v2\/posts"}],"about":[{"href":"https:\/\/secuoyastudios.com\/en\/wp-json\/wp\/v2\/types\/post"}],"author":[{"embeddable":true,"href":"https:\/\/secuoyastudios.com\/en\/wp-json\/wp\/v2\/users\/1"}],"replies":[{"embeddable":true,"href":"https:\/\/secuoyastudios.com\/en\/wp-json\/wp\/v2\/comments?post=5386"}],"version-history":[{"count":3,"href":"https:\/\/secuoyastudios.com\/en\/wp-json\/wp\/v2\/posts\/5386\/revisions"}],"predecessor-version":[{"id":5387,"href":"https:\/\/secuoyastudios.com\/en\/wp-json\/wp\/v2\/posts\/5386\/revisions\/5387"}],"wp:featuredmedia":[{"embeddable":true,"href":"https:\/\/secuoyastudios.com\/en\/wp-json\/wp\/v2\/media\/5111"}],"wp:attachment":[{"href":"https:\/\/secuoyastudios.com\/en\/wp-json\/wp\/v2\/media?parent=5386"}],"wp:term":[{"taxonomy":"category","embeddable":true,"href":"https:\/\/secuoyastudios.com\/en\/wp-json\/wp\/v2\/categories?post=5386"},{"taxonomy":"post_tag","embeddable":true,"href":"https:\/\/secuoyastudios.com\/en\/wp-json\/wp\/v2\/tags?post=5386"}],"curies":[{"name":"wp","href":"https:\/\/api.w.org\/{rel}","templated":true}]}}