{"id":5404,"date":"2022-12-19T14:02:11","date_gmt":"2022-12-19T13:02:11","guid":{"rendered":"https:\/\/secuoyastudios.com\/uncategorized\/todos-lo-hacen-celebra-su-preestreno-en-los-cines-capitol-de-madrid\/"},"modified":"2023-01-27T09:43:21","modified_gmt":"2023-01-27T08:43:21","slug":"todos-lo-hacen-celebra-su-preestreno-en-los-cines-capitol-de-madrid","status":"publish","type":"post","link":"https:\/\/secuoyastudios.com\/en\/blog\/todos-lo-hacen-premieres-in-madrids-capitol-cinemas\/","title":{"rendered":"\u2018Todos lo hacen\u2019 Premieres in Madrid\u2019s Capitol Cinemas"},"content":{"rendered":"<p><b>Kira Mir\u00f3, Andrea Duro, V\u00edctor Palmero, Juli\u00e1n L\u00f3pez, Salva Reina, Mariam Hern\u00e1ndez and Carlos Santos went to the screening of the latest film produced by \u00c1lamo Producciones Audiovisuales<\/b><\/p>\n<p>After its world presentation at the Barcelona Film Fest and subsequent screening at the Almer\u00eda International Film Festival, \u2018Todos lo hacen\u2019 comes to Madrid days before its release on the big screen, on 28 December.<\/p>\n<p>On 14 December, the Capitol cinema in Madrid hosted almost the entire lineup for the film. Kira Mir\u00f3, Andrea Duro, V\u00edctor Palmero, Juli\u00e1n L\u00f3pez, Salva Reina, Mariam Hern\u00e1ndez and Carlos Santos, together with its director, Hugo Mart\u00edn Cuervo, were not about to miss out on the screening of their latest feature-length film in the capital\u2019s iconic cinema.<\/p>\n<p>Hugo Mart\u00edn Cuervo (\u2018Con qui\u00e9n viajas\u2019) together with Eduardo Campoy, producer from \u00c1lamo Producciones Audiovisuales, have made this black comedy, also starring Toni Acosta, Macarena G\u00f3mez and Pablo Carbonell, for which mystery, intrigue and humour are the main ingredients.<\/p>\n<p><img decoding=\"async\" class=\"alignnone wp-image-5149 size-full\" title=\"Preestreno Todos lo hacen\" src=\"https:\/\/secuoyastudios.com\/wp-content\/uploads\/2022\/12\/preestreno-todos-lo-hacen.jpg\" alt=\"Preestreno Todos lo hacen en Madrid\" width=\"1600\" height=\"900\" srcset=\"https:\/\/secuoyastudios.com\/wp-content\/uploads\/2022\/12\/preestreno-todos-lo-hacen.jpg 1600w, https:\/\/secuoyastudios.com\/wp-content\/uploads\/2022\/12\/preestreno-todos-lo-hacen-300x169.jpg 300w, https:\/\/secuoyastudios.com\/wp-content\/uploads\/2022\/12\/preestreno-todos-lo-hacen-1024x576.jpg 1024w, https:\/\/secuoyastudios.com\/wp-content\/uploads\/2022\/12\/preestreno-todos-lo-hacen-768x432.jpg 768w, https:\/\/secuoyastudios.com\/wp-content\/uploads\/2022\/12\/preestreno-todos-lo-hacen-1536x864.jpg 1536w\" sizes=\"(max-width: 1600px) 100vw, 1600px\" \/><\/p>\n<h2><b>An Entertaining Black Comedy<\/b><\/h2>\n<p>The result of <i>\u201ca meeting between Agatha Christie and Luis Garc\u00eda Berlanga\u201d, <\/i>as Mart\u00edn Cuervo describes it, in \u2018Todos lo hacen\u2019 everyone is a suspect.<\/p>\n<p>Several couples meet in the rural hotel where they got married, called there by the owner to solve a tax problem. What they don\u2019t realize is that their adventure has more to it than meets the eye. The forest ranger finds a body near the hotel and is convinced that the culprit is one of the guests.<\/p>\n<p>Improvisation and time spent together have been important parts throughout the shoot. \u00a0<i>\u201cWe have given all the actors licence to improvise to help them build their character\u201d, <\/i>said the director during the film\u2019s presentation at the FICA.<\/p>\n<p>Ten friends gathered together in the same place and accused of murder is the tantalizing premise for this entertaining comedy. Next 28 December, \u2018Todos lo hacen\u2019 comes to cinemas to surprise, entertain and intrigue all the family.<\/p>\n","protected":false},"excerpt":{"rendered":"<p>Kira Mir\u00f3, Andrea Duro, V\u00edctor Palmero, Juli\u00e1n L\u00f3pez, Salva Reina, Mariam Hern\u00e1ndez and Carlos Santos went to the screening of the latest film produced by \u00c1lamo Producciones Audiovisuales After its world presentation at the Barcelona [&hellip;]<\/p>\n","protected":false},"author":1,"featured_media":5164,"comment_status":"open","ping_status":"open","sticky":false,"template":"","format":"standard","meta":{"footnotes":""},"categories":[25],"tags":[382],"class_list":["post-5404","post","type-post","status-publish","format-standard","has-post-thumbnail","hentry","category-uncategorized","tag-todos-lo-hacen-en"],"yoast_head":"<!-- This site is optimized with the Yoast SEO plugin v24.9 - https:\/\/yoast.com\/wordpress\/plugins\/seo\/ -->\n<title>\u2018Todos lo hacen\u2019 Premieres in Madrid\u2019s Capitol Cinemas<\/title>\n<meta name=\"description\" content=\"The premiere of &#039;Todos lo hace&#039; is one of the most anticipated this Christmas. These are the reasons why you can&#039;t miss it on the big screen.\" \/>\n<meta name=\"robots\" content=\"index, follow, max-snippet:-1, max-image-preview:large, max-video-preview:-1\" \/>\n<link rel=\"canonical\" href=\"https:\/\/secuoyastudios.com\/en\/blog\/todos-lo-hacen-premieres-in-madrids-capitol-cinemas\/\" \/>\n<meta property=\"og:locale\" content=\"en_US\" \/>\n<meta property=\"og:type\" content=\"article\" \/>\n<meta property=\"og:title\" content=\"\u2018Todos lo hacen\u2019 Premieres in Madrid\u2019s Capitol Cinemas\" \/>\n<meta property=\"og:description\" content=\"The premiere of &#039;Todos lo hace&#039; is one of the most anticipated this Christmas. These are the reasons why you can&#039;t miss it on the big screen.\" \/>\n<meta property=\"og:url\" content=\"https:\/\/secuoyastudios.com\/en\/blog\/todos-lo-hacen-premieres-in-madrids-capitol-cinemas\/\" \/>\n<meta property=\"og:site_name\" content=\"Secuoya Studios\" \/>\n<meta property=\"article:published_time\" content=\"2022-12-19T13:02:11+00:00\" \/>\n<meta property=\"article:modified_time\" content=\"2023-01-27T08:43:21+00:00\" \/>\n<meta property=\"og:image\" content=\"https:\/\/secuoyastudios.com\/wp-content\/uploads\/2022\/12\/1-1-3.jpg\" \/>\n\t<meta property=\"og:image:width\" content=\"1600\" \/>\n\t<meta property=\"og:image:height\" content=\"678\" \/>\n\t<meta property=\"og:image:type\" content=\"image\/jpeg\" \/>\n<meta name=\"twitter:card\" content=\"summary_large_image\" \/>\n<meta name=\"twitter:label1\" content=\"Written by\" \/>\n\t<meta name=\"twitter:data1\" content=\"\" \/>\n\t<meta name=\"twitter:label2\" content=\"Est. reading time\" \/>\n\t<meta name=\"twitter:data2\" content=\"2 minutes\" \/>\n<script type=\"application\/ld+json\" class=\"yoast-schema-graph\">{\"@context\":\"https:\/\/schema.org\",\"@graph\":[{\"@type\":\"WebPage\",\"@id\":\"https:\/\/secuoyastudios.com\/en\/blog\/todos-lo-hacen-premieres-in-madrids-capitol-cinemas\/\",\"url\":\"https:\/\/secuoyastudios.com\/en\/blog\/todos-lo-hacen-premieres-in-madrids-capitol-cinemas\/\",\"name\":\"\u2018Todos lo hacen\u2019 Premieres in Madrid\u2019s Capitol Cinemas\",\"isPartOf\":{\"@id\":\"https:\/\/secuoyastudios.com\/en\/#website\"},\"primaryImageOfPage\":{\"@id\":\"https:\/\/secuoyastudios.com\/en\/blog\/todos-lo-hacen-premieres-in-madrids-capitol-cinemas\/#primaryimage\"},\"image\":{\"@id\":\"https:\/\/secuoyastudios.com\/en\/blog\/todos-lo-hacen-premieres-in-madrids-capitol-cinemas\/#primaryimage\"},\"thumbnailUrl\":\"https:\/\/secuoyastudios.com\/wp-content\/uploads\/2022\/12\/1-1-3.jpg\",\"datePublished\":\"2022-12-19T13:02:11+00:00\",\"dateModified\":\"2023-01-27T08:43:21+00:00\",\"author\":{\"@id\":\"\"},\"description\":\"The premiere of 'Todos lo hace' is one of the most anticipated this Christmas. These are the reasons why you can't miss it on the big screen.\",\"breadcrumb\":{\"@id\":\"https:\/\/secuoyastudios.com\/en\/blog\/todos-lo-hacen-premieres-in-madrids-capitol-cinemas\/#breadcrumb\"},\"inLanguage\":\"en-US\",\"potentialAction\":[{\"@type\":\"ReadAction\",\"target\":[\"https:\/\/secuoyastudios.com\/en\/blog\/todos-lo-hacen-premieres-in-madrids-capitol-cinemas\/\"]}]},{\"@type\":\"ImageObject\",\"inLanguage\":\"en-US\",\"@id\":\"https:\/\/secuoyastudios.com\/en\/blog\/todos-lo-hacen-premieres-in-madrids-capitol-cinemas\/#primaryimage\",\"url\":\"https:\/\/secuoyastudios.com\/wp-content\/uploads\/2022\/12\/1-1-3.jpg\",\"contentUrl\":\"https:\/\/secuoyastudios.com\/wp-content\/uploads\/2022\/12\/1-1-3.jpg\",\"width\":1600,\"height\":678,\"caption\":\"Preestreno Todos lo hacen\"},{\"@type\":\"BreadcrumbList\",\"@id\":\"https:\/\/secuoyastudios.com\/en\/blog\/todos-lo-hacen-premieres-in-madrids-capitol-cinemas\/#breadcrumb\",\"itemListElement\":[{\"@type\":\"ListItem\",\"position\":1,\"name\":\"Inicio\",\"item\":\"https:\/\/secuoyastudios.com\/en\/\"},{\"@type\":\"ListItem\",\"position\":2,\"name\":\"\u2018Todos lo hacen\u2019 Premieres in Madrid\u2019s Capitol Cinemas\"}]},{\"@type\":\"WebSite\",\"@id\":\"https:\/\/secuoyastudios.com\/en\/#website\",\"url\":\"https:\/\/secuoyastudios.com\/en\/\",\"name\":\"Secuoya Studios\",\"description\":\"\",\"potentialAction\":[{\"@type\":\"SearchAction\",\"target\":{\"@type\":\"EntryPoint\",\"urlTemplate\":\"https:\/\/secuoyastudios.com\/en\/?s={search_term_string}\"},\"query-input\":{\"@type\":\"PropertyValueSpecification\",\"valueRequired\":true,\"valueName\":\"search_term_string\"}}],\"inLanguage\":\"en-US\"},{\"@type\":\"Person\",\"@id\":\"\"}]}<\/script>\n<!-- \/ Yoast SEO plugin. -->","yoast_head_json":{"title":"\u2018Todos lo hacen\u2019 Premieres in Madrid\u2019s Capitol Cinemas","description":"The premiere of 'Todos lo hace' is one of the most anticipated this Christmas. These are the reasons why you can't miss it on the big screen.","robots":{"index":"index","follow":"follow","max-snippet":"max-snippet:-1","max-image-preview":"max-image-preview:large","max-video-preview":"max-video-preview:-1"},"canonical":"https:\/\/secuoyastudios.com\/en\/blog\/todos-lo-hacen-premieres-in-madrids-capitol-cinemas\/","og_locale":"en_US","og_type":"article","og_title":"\u2018Todos lo hacen\u2019 Premieres in Madrid\u2019s Capitol Cinemas","og_description":"The premiere of 'Todos lo hace' is one of the most anticipated this Christmas. These are the reasons why you can't miss it on the big screen.","og_url":"https:\/\/secuoyastudios.com\/en\/blog\/todos-lo-hacen-premieres-in-madrids-capitol-cinemas\/","og_site_name":"Secuoya Studios","article_published_time":"2022-12-19T13:02:11+00:00","article_modified_time":"2023-01-27T08:43:21+00:00","og_image":[{"width":1600,"height":678,"url":"https:\/\/secuoyastudios.com\/wp-content\/uploads\/2022\/12\/1-1-3.jpg","type":"image\/jpeg"}],"twitter_card":"summary_large_image","twitter_misc":{"Written by":"","Est. reading time":"2 minutes"},"schema":{"@context":"https:\/\/schema.org","@graph":[{"@type":"WebPage","@id":"https:\/\/secuoyastudios.com\/en\/blog\/todos-lo-hacen-premieres-in-madrids-capitol-cinemas\/","url":"https:\/\/secuoyastudios.com\/en\/blog\/todos-lo-hacen-premieres-in-madrids-capitol-cinemas\/","name":"\u2018Todos lo hacen\u2019 Premieres in Madrid\u2019s Capitol Cinemas","isPartOf":{"@id":"https:\/\/secuoyastudios.com\/en\/#website"},"primaryImageOfPage":{"@id":"https:\/\/secuoyastudios.com\/en\/blog\/todos-lo-hacen-premieres-in-madrids-capitol-cinemas\/#primaryimage"},"image":{"@id":"https:\/\/secuoyastudios.com\/en\/blog\/todos-lo-hacen-premieres-in-madrids-capitol-cinemas\/#primaryimage"},"thumbnailUrl":"https:\/\/secuoyastudios.com\/wp-content\/uploads\/2022\/12\/1-1-3.jpg","datePublished":"2022-12-19T13:02:11+00:00","dateModified":"2023-01-27T08:43:21+00:00","author":{"@id":""},"description":"The premiere of 'Todos lo hace' is one of the most anticipated this Christmas. These are the reasons why you can't miss it on the big screen.","breadcrumb":{"@id":"https:\/\/secuoyastudios.com\/en\/blog\/todos-lo-hacen-premieres-in-madrids-capitol-cinemas\/#breadcrumb"},"inLanguage":"en-US","potentialAction":[{"@type":"ReadAction","target":["https:\/\/secuoyastudios.com\/en\/blog\/todos-lo-hacen-premieres-in-madrids-capitol-cinemas\/"]}]},{"@type":"ImageObject","inLanguage":"en-US","@id":"https:\/\/secuoyastudios.com\/en\/blog\/todos-lo-hacen-premieres-in-madrids-capitol-cinemas\/#primaryimage","url":"https:\/\/secuoyastudios.com\/wp-content\/uploads\/2022\/12\/1-1-3.jpg","contentUrl":"https:\/\/secuoyastudios.com\/wp-content\/uploads\/2022\/12\/1-1-3.jpg","width":1600,"height":678,"caption":"Preestreno Todos lo hacen"},{"@type":"BreadcrumbList","@id":"https:\/\/secuoyastudios.com\/en\/blog\/todos-lo-hacen-premieres-in-madrids-capitol-cinemas\/#breadcrumb","itemListElement":[{"@type":"ListItem","position":1,"name":"Inicio","item":"https:\/\/secuoyastudios.com\/en\/"},{"@type":"ListItem","position":2,"name":"\u2018Todos lo hacen\u2019 Premieres in Madrid\u2019s Capitol Cinemas"}]},{"@type":"WebSite","@id":"https:\/\/secuoyastudios.com\/en\/#website","url":"https:\/\/secuoyastudios.com\/en\/","name":"Secuoya Studios","description":"","potentialAction":[{"@type":"SearchAction","target":{"@type":"EntryPoint","urlTemplate":"https:\/\/secuoyastudios.com\/en\/?s={search_term_string}"},"query-input":{"@type":"PropertyValueSpecification","valueRequired":true,"valueName":"search_term_string"}}],"inLanguage":"en-US"},{"@type":"Person","@id":""}]}},"_links":{"self":[{"href":"https:\/\/secuoyastudios.com\/en\/wp-json\/wp\/v2\/posts\/5404","targetHints":{"allow":["GET"]}}],"collection":[{"href":"https:\/\/secuoyastudios.com\/en\/wp-json\/wp\/v2\/posts"}],"about":[{"href":"https:\/\/secuoyastudios.com\/en\/wp-json\/wp\/v2\/types\/post"}],"author":[{"embeddable":true,"href":"https:\/\/secuoyastudios.com\/en\/wp-json\/wp\/v2\/users\/1"}],"replies":[{"embeddable":true,"href":"https:\/\/secuoyastudios.com\/en\/wp-json\/wp\/v2\/comments?post=5404"}],"version-history":[{"count":2,"href":"https:\/\/secuoyastudios.com\/en\/wp-json\/wp\/v2\/posts\/5404\/revisions"}],"predecessor-version":[{"id":5406,"href":"https:\/\/secuoyastudios.com\/en\/wp-json\/wp\/v2\/posts\/5404\/revisions\/5406"}],"wp:featuredmedia":[{"embeddable":true,"href":"https:\/\/secuoyastudios.com\/en\/wp-json\/wp\/v2\/media\/5164"}],"wp:attachment":[{"href":"https:\/\/secuoyastudios.com\/en\/wp-json\/wp\/v2\/media?parent=5404"}],"wp:term":[{"taxonomy":"category","embeddable":true,"href":"https:\/\/secuoyastudios.com\/en\/wp-json\/wp\/v2\/categories?post=5404"},{"taxonomy":"post_tag","embeddable":true,"href":"https:\/\/secuoyastudios.com\/en\/wp-json\/wp\/v2\/tags?post=5404"}],"curies":[{"name":"wp","href":"https:\/\/api.w.org\/{rel}","templated":true}]}}