{"id":5416,"date":"2022-09-29T17:15:44","date_gmt":"2022-09-29T15:15:44","guid":{"rendered":"https:\/\/secuoyastudios.com\/uncategorized\/secuoya-studios-y-the-pool-desvelan-las-primeras-imagenes-de-la-serie-documental-sobre-la-moncloa\/"},"modified":"2023-01-23T10:16:52","modified_gmt":"2023-01-23T09:16:52","slug":"secuoya-studios-y-the-pool-desvelan-las-primeras-imagenes-de-la-serie-documental-sobre-la-moncloa","status":"publish","type":"post","link":"https:\/\/secuoyastudios.com\/en\/blog\/secuoya-studios-y-the-pool-desvelan-las-primeras-imagenes-de-la-serie-documental-sobre-la-moncloa\/","title":{"rendered":"Secuoya Studios y The Pool desvelan las primeras im\u00e1genes de la serie documental sobre La Moncloa"},"content":{"rendered":"<p><strong>Director Curro S\u00e1nchez Varela and producers Eduardo Escorial and V\u00edctor Mart\u00edn explain the concept of this unprecedented documentary series at Iberseries &amp; Platino Industria<\/strong><\/p>\n<p><strong>Curro S\u00e1nchez Varela:<em>\u201cI am aware that this project is a real opportunity for a portraitist like me, for someone who sees themselves as a storyteller\u201d<\/em><\/strong><\/p>\n<p><strong>Secuoya Studios<\/strong>\u00a0and\u00a0<strong>The Pool TM\u00a0<\/strong>present the first images of the documentary series on La Moncloa on the third day of the second edition of <strong>Iberseries &amp; Platino Industria,<\/strong>\u00a0held from 27 to 30 September at Matadero Madrid.\u00a0<strong>Curro S\u00e1nchez Varela,<\/strong>\u00a0director of the series,\u00a0<strong>Eduardo Escorial,<\/strong>\u00a0head of <em>Unscripted<\/em>\u00a0at Secuoya Studios, and\u00a0<strong>V\u00edctor Mart\u00edn,<\/strong>\u00a0head of Production at The Pool TM, explained the concepts of this unprecedented production on the Spanish audiovisual market, which portrays the most personal, everyday, human and unknown aspects of Spain\u2019s power centre and its current resident, the president of the government, Pedro S\u00e1nchez.<\/p>\n<p><iframe title=\"Teaser - Docuserie de La Moncloa | Secuoya Studios\" width=\"500\" height=\"281\" src=\"https:\/\/www.youtube.com\/embed\/ShBlC3BhQi4?feature=oembed\" frameborder=\"0\" allow=\"accelerometer; autoplay; clipboard-write; encrypted-media; gyroscope; picture-in-picture; web-share\" referrerpolicy=\"strict-origin-when-cross-origin\" allowfullscreen><\/iframe><\/p>\n<p>Accredited professionals and the media were able to view this first teaser that encapsulates the moments captured by the team from the start of shooting last February. This is a fly-on-the-wall documentary showing life in La Moncloa, as seen through the eyes of its director, steering clear of purely political and ideological standpoints and placing the focus on the most unknown aspects of the institution. It also follows some of the key moments in the agenda of the chief executive, like the NATO summit, the Council of Ministers and the last European Council meeting, as well as the impact of the war in Ukraine.<\/p>\n<p><em>\u201cOur aim is to provide a 360\u00ba degree portrait of all those people that work at La Moncloa, and the president of the government is one of these. We wanted to give voice to the 2,700 employees that work tirelessly to keep our democracy on track\u201d, said <\/em>Curro S\u00e1nchez Varela, director of the documentary.\u00a0<em>\u201cIt was important to tell this story, viewing the complex as another of the characters, replete with fascinating voices and interesting experiences. An opportunity to travel through time\u201d, adds the filmmaker.\u201cI am aware that this project is a real opportunity for a portraitist like me, for someone who sees themselves as a storyteller\",<\/em>\u00a0admitted Curro S\u00e1nchez Varela at the presentation of the first images of the La Moncloa documentary series.<\/p>\n<p>With two clearly distinct narrative lines, which swing between documentary and factual cinema, the cameras are unique witnesses to daily life in the institution, a town in its own right. They also capture the work of the president of the government, his team and the other more anonymous workers, like attendants, cooks\u2026 \u201c<em>You have to tell the story of what amounts to being a mini town with almost 3,000 employees. The overall vision is very balanced. The presence of the president does not stand out above others with very different tasks\u201d,<\/em>\u00a0points out V\u00edctor.<\/p>\n<p><img decoding=\"async\" class=\"alignnone wp-image-4784 size-full\" title=\"Serie documental La Moncloa, primera im\u00e1genes\" src=\"https:\/\/secuoyastudios.com\/wp-content\/uploads\/2022\/09\/serie-la-moncloa.jpg\" alt=\"Serie La Moncloa\" width=\"1600\" height=\"1067\" srcset=\"https:\/\/secuoyastudios.com\/wp-content\/uploads\/2022\/09\/serie-la-moncloa.jpg 1600w, https:\/\/secuoyastudios.com\/wp-content\/uploads\/2022\/09\/serie-la-moncloa-300x200.jpg 300w, https:\/\/secuoyastudios.com\/wp-content\/uploads\/2022\/09\/serie-la-moncloa-1024x683.jpg 1024w, https:\/\/secuoyastudios.com\/wp-content\/uploads\/2022\/09\/serie-la-moncloa-768x512.jpg 768w, https:\/\/secuoyastudios.com\/wp-content\/uploads\/2022\/09\/serie-la-moncloa-1536x1024.jpg 1536w\" sizes=\"(max-width: 1600px) 100vw, 1600px\" \/><\/p>\n<p>This completely independent and private project, whose pre-production costs were split 50:50 between both production companies, provides a business opportunity to explore the Spanish audiovisual market and has the benefit of other similar documentaries, which have enjoyed success among audiences and critics on international platforms. <em>\u201cOnce we have all the material packaged up, we\u2019ll go onto the marketing phase\u201d, <\/em>underlined <strong>Eduardo Escorial,<\/strong>\u00a0head of\u00a0the <em>Unscripted<\/em>\u00a0division of Secuoya Studios. The production company stressed that this was not a commissioned project but rather <em>\u201cone in which the two production companies involved assume the full investment risk\u201d.<\/em><\/p>\n<p>As for the possible broadcasting windows, Escorial stresses that this project has not been shown or sold to anyone.<em>\u201cBut we can reveal that international distributors like Beta Films have shown an interest in this documentary series. The idea for this project is for it to eventually be aired by a channel or private platform, it is a project that has been co-financed by the two production companies which have decided to embark on this adventure\u201d,<\/em>\u00a0he added.<\/p>\n<p><img decoding=\"async\" class=\"alignnone wp-image-4792 size-full\" title=\"Pedro S\u00e1nchez serie documental La Moncloa\" src=\"https:\/\/secuoyastudios.com\/wp-content\/uploads\/2022\/09\/pedro-sanchez-la-moncloa.jpg\" alt=\"Pedro S\u00e1nchez serie La Moncloa\" width=\"1600\" height=\"900\" srcset=\"https:\/\/secuoyastudios.com\/wp-content\/uploads\/2022\/09\/pedro-sanchez-la-moncloa.jpg 1600w, https:\/\/secuoyastudios.com\/wp-content\/uploads\/2022\/09\/pedro-sanchez-la-moncloa-300x169.jpg 300w, https:\/\/secuoyastudios.com\/wp-content\/uploads\/2022\/09\/pedro-sanchez-la-moncloa-1024x576.jpg 1024w, https:\/\/secuoyastudios.com\/wp-content\/uploads\/2022\/09\/pedro-sanchez-la-moncloa-768x432.jpg 768w, https:\/\/secuoyastudios.com\/wp-content\/uploads\/2022\/09\/pedro-sanchez-la-moncloa-1536x864.jpg 1536w\" sizes=\"(max-width: 1600px) 100vw, 1600px\" \/><\/p>\n","protected":false},"excerpt":{"rendered":"<p>Director Curro S\u00e1nchez Varela and producers Eduardo Escorial and V\u00edctor Mart\u00edn explain the concept of this unprecedented documentary series at Iberseries &amp; Platino Industria Curro S\u00e1nchez Varela:\u201cI am aware that this project is a real [&hellip;]<\/p>\n","protected":false},"author":10,"featured_media":4788,"comment_status":"open","ping_status":"open","sticky":false,"template":"","format":"standard","meta":{"footnotes":""},"categories":[352],"tags":[],"class_list":["post-5416","post","type-post","status-publish","format-standard","has-post-thumbnail","hentry","category-news"],"yoast_head":"<!-- This site is optimized with the Yoast SEO plugin v24.9 - https:\/\/yoast.com\/wordpress\/plugins\/seo\/ -->\n<title>Primeras im\u00e1genes serie documental La Moncloa<\/title>\n<meta name=\"description\" content=\"Secuoya Studios y The Pool TM presentan las primeras im\u00e1genes de la serie documental sobre La Moncloa, producci\u00f3n in\u00e9dita en el mercado espa\u00f1ol.\" \/>\n<meta name=\"robots\" content=\"index, follow, max-snippet:-1, max-image-preview:large, max-video-preview:-1\" \/>\n<link rel=\"canonical\" href=\"https:\/\/secuoyastudios.com\/en\/blog\/secuoya-studios-y-the-pool-desvelan-las-primeras-imagenes-de-la-serie-documental-sobre-la-moncloa\/\" \/>\n<meta property=\"og:locale\" content=\"en_US\" \/>\n<meta property=\"og:type\" content=\"article\" \/>\n<meta property=\"og:title\" content=\"Primeras im\u00e1genes serie documental La Moncloa\" \/>\n<meta property=\"og:description\" content=\"Secuoya Studios y The Pool TM presentan las primeras im\u00e1genes de la serie documental sobre La Moncloa, producci\u00f3n in\u00e9dita en el mercado espa\u00f1ol.\" \/>\n<meta property=\"og:url\" content=\"https:\/\/secuoyastudios.com\/en\/blog\/secuoya-studios-y-the-pool-desvelan-las-primeras-imagenes-de-la-serie-documental-sobre-la-moncloa\/\" \/>\n<meta property=\"og:site_name\" content=\"Secuoya Studios\" \/>\n<meta property=\"article:published_time\" content=\"2022-09-29T15:15:44+00:00\" \/>\n<meta property=\"article:modified_time\" content=\"2023-01-23T09:16:52+00:00\" \/>\n<meta property=\"og:image\" content=\"https:\/\/secuoyastudios.com\/wp-content\/uploads\/2022\/09\/museo-del-prado.jpg\" \/>\n\t<meta property=\"og:image:width\" content=\"1600\" \/>\n\t<meta property=\"og:image:height\" content=\"900\" \/>\n\t<meta property=\"og:image:type\" content=\"image\/jpeg\" \/>\n<meta name=\"twitter:card\" content=\"summary_large_image\" \/>\n<meta name=\"twitter:label1\" content=\"Written by\" \/>\n\t<meta name=\"twitter:data1\" content=\"\" \/>\n\t<meta name=\"twitter:label2\" content=\"Est. reading time\" \/>\n\t<meta name=\"twitter:data2\" content=\"4 minutes\" \/>\n<script type=\"application\/ld+json\" class=\"yoast-schema-graph\">{\"@context\":\"https:\/\/schema.org\",\"@graph\":[{\"@type\":\"WebPage\",\"@id\":\"https:\/\/secuoyastudios.com\/en\/blog\/secuoya-studios-y-the-pool-desvelan-las-primeras-imagenes-de-la-serie-documental-sobre-la-moncloa\/\",\"url\":\"https:\/\/secuoyastudios.com\/en\/blog\/secuoya-studios-y-the-pool-desvelan-las-primeras-imagenes-de-la-serie-documental-sobre-la-moncloa\/\",\"name\":\"Primeras im\u00e1genes serie documental La Moncloa\",\"isPartOf\":{\"@id\":\"https:\/\/secuoyastudios.com\/en\/#website\"},\"primaryImageOfPage\":{\"@id\":\"https:\/\/secuoyastudios.com\/en\/blog\/secuoya-studios-y-the-pool-desvelan-las-primeras-imagenes-de-la-serie-documental-sobre-la-moncloa\/#primaryimage\"},\"image\":{\"@id\":\"https:\/\/secuoyastudios.com\/en\/blog\/secuoya-studios-y-the-pool-desvelan-las-primeras-imagenes-de-la-serie-documental-sobre-la-moncloa\/#primaryimage\"},\"thumbnailUrl\":\"https:\/\/secuoyastudios.com\/wp-content\/uploads\/2022\/09\/museo-del-prado.jpg\",\"datePublished\":\"2022-09-29T15:15:44+00:00\",\"dateModified\":\"2023-01-23T09:16:52+00:00\",\"author\":{\"@id\":\"\"},\"description\":\"Secuoya Studios y The Pool TM presentan las primeras im\u00e1genes de la serie documental sobre La Moncloa, producci\u00f3n in\u00e9dita en el mercado espa\u00f1ol.\",\"breadcrumb\":{\"@id\":\"https:\/\/secuoyastudios.com\/en\/blog\/secuoya-studios-y-the-pool-desvelan-las-primeras-imagenes-de-la-serie-documental-sobre-la-moncloa\/#breadcrumb\"},\"inLanguage\":\"en-US\",\"potentialAction\":[{\"@type\":\"ReadAction\",\"target\":[\"https:\/\/secuoyastudios.com\/en\/blog\/secuoya-studios-y-the-pool-desvelan-las-primeras-imagenes-de-la-serie-documental-sobre-la-moncloa\/\"]}]},{\"@type\":\"ImageObject\",\"inLanguage\":\"en-US\",\"@id\":\"https:\/\/secuoyastudios.com\/en\/blog\/secuoya-studios-y-the-pool-desvelan-las-primeras-imagenes-de-la-serie-documental-sobre-la-moncloa\/#primaryimage\",\"url\":\"https:\/\/secuoyastudios.com\/wp-content\/uploads\/2022\/09\/museo-del-prado.jpg\",\"contentUrl\":\"https:\/\/secuoyastudios.com\/wp-content\/uploads\/2022\/09\/museo-del-prado.jpg\",\"width\":1600,\"height\":900,\"caption\":\"La Moncloa, Museo del Prado\"},{\"@type\":\"BreadcrumbList\",\"@id\":\"https:\/\/secuoyastudios.com\/en\/blog\/secuoya-studios-y-the-pool-desvelan-las-primeras-imagenes-de-la-serie-documental-sobre-la-moncloa\/#breadcrumb\",\"itemListElement\":[{\"@type\":\"ListItem\",\"position\":1,\"name\":\"Inicio\",\"item\":\"https:\/\/secuoyastudios.com\/en\/\"},{\"@type\":\"ListItem\",\"position\":2,\"name\":\"Secuoya Studios y The Pool desvelan las primeras im\u00e1genes de la serie documental sobre La Moncloa\"}]},{\"@type\":\"WebSite\",\"@id\":\"https:\/\/secuoyastudios.com\/en\/#website\",\"url\":\"https:\/\/secuoyastudios.com\/en\/\",\"name\":\"Secuoya Studios\",\"description\":\"\",\"potentialAction\":[{\"@type\":\"SearchAction\",\"target\":{\"@type\":\"EntryPoint\",\"urlTemplate\":\"https:\/\/secuoyastudios.com\/en\/?s={search_term_string}\"},\"query-input\":{\"@type\":\"PropertyValueSpecification\",\"valueRequired\":true,\"valueName\":\"search_term_string\"}}],\"inLanguage\":\"en-US\"},{\"@type\":\"Person\",\"@id\":\"\"}]}<\/script>\n<!-- \/ Yoast SEO plugin. -->","yoast_head_json":{"title":"Primeras im\u00e1genes serie documental La Moncloa","description":"Secuoya Studios y The Pool TM presentan las primeras im\u00e1genes de la serie documental sobre La Moncloa, producci\u00f3n in\u00e9dita en el mercado espa\u00f1ol.","robots":{"index":"index","follow":"follow","max-snippet":"max-snippet:-1","max-image-preview":"max-image-preview:large","max-video-preview":"max-video-preview:-1"},"canonical":"https:\/\/secuoyastudios.com\/en\/blog\/secuoya-studios-y-the-pool-desvelan-las-primeras-imagenes-de-la-serie-documental-sobre-la-moncloa\/","og_locale":"en_US","og_type":"article","og_title":"Primeras im\u00e1genes serie documental La Moncloa","og_description":"Secuoya Studios y The Pool TM presentan las primeras im\u00e1genes de la serie documental sobre La Moncloa, producci\u00f3n in\u00e9dita en el mercado espa\u00f1ol.","og_url":"https:\/\/secuoyastudios.com\/en\/blog\/secuoya-studios-y-the-pool-desvelan-las-primeras-imagenes-de-la-serie-documental-sobre-la-moncloa\/","og_site_name":"Secuoya Studios","article_published_time":"2022-09-29T15:15:44+00:00","article_modified_time":"2023-01-23T09:16:52+00:00","og_image":[{"width":1600,"height":900,"url":"https:\/\/secuoyastudios.com\/wp-content\/uploads\/2022\/09\/museo-del-prado.jpg","type":"image\/jpeg"}],"twitter_card":"summary_large_image","twitter_misc":{"Written by":"","Est. reading time":"4 minutes"},"schema":{"@context":"https:\/\/schema.org","@graph":[{"@type":"WebPage","@id":"https:\/\/secuoyastudios.com\/en\/blog\/secuoya-studios-y-the-pool-desvelan-las-primeras-imagenes-de-la-serie-documental-sobre-la-moncloa\/","url":"https:\/\/secuoyastudios.com\/en\/blog\/secuoya-studios-y-the-pool-desvelan-las-primeras-imagenes-de-la-serie-documental-sobre-la-moncloa\/","name":"Primeras im\u00e1genes serie documental La Moncloa","isPartOf":{"@id":"https:\/\/secuoyastudios.com\/en\/#website"},"primaryImageOfPage":{"@id":"https:\/\/secuoyastudios.com\/en\/blog\/secuoya-studios-y-the-pool-desvelan-las-primeras-imagenes-de-la-serie-documental-sobre-la-moncloa\/#primaryimage"},"image":{"@id":"https:\/\/secuoyastudios.com\/en\/blog\/secuoya-studios-y-the-pool-desvelan-las-primeras-imagenes-de-la-serie-documental-sobre-la-moncloa\/#primaryimage"},"thumbnailUrl":"https:\/\/secuoyastudios.com\/wp-content\/uploads\/2022\/09\/museo-del-prado.jpg","datePublished":"2022-09-29T15:15:44+00:00","dateModified":"2023-01-23T09:16:52+00:00","author":{"@id":""},"description":"Secuoya Studios y The Pool TM presentan las primeras im\u00e1genes de la serie documental sobre La Moncloa, producci\u00f3n in\u00e9dita en el mercado espa\u00f1ol.","breadcrumb":{"@id":"https:\/\/secuoyastudios.com\/en\/blog\/secuoya-studios-y-the-pool-desvelan-las-primeras-imagenes-de-la-serie-documental-sobre-la-moncloa\/#breadcrumb"},"inLanguage":"en-US","potentialAction":[{"@type":"ReadAction","target":["https:\/\/secuoyastudios.com\/en\/blog\/secuoya-studios-y-the-pool-desvelan-las-primeras-imagenes-de-la-serie-documental-sobre-la-moncloa\/"]}]},{"@type":"ImageObject","inLanguage":"en-US","@id":"https:\/\/secuoyastudios.com\/en\/blog\/secuoya-studios-y-the-pool-desvelan-las-primeras-imagenes-de-la-serie-documental-sobre-la-moncloa\/#primaryimage","url":"https:\/\/secuoyastudios.com\/wp-content\/uploads\/2022\/09\/museo-del-prado.jpg","contentUrl":"https:\/\/secuoyastudios.com\/wp-content\/uploads\/2022\/09\/museo-del-prado.jpg","width":1600,"height":900,"caption":"La Moncloa, Museo del Prado"},{"@type":"BreadcrumbList","@id":"https:\/\/secuoyastudios.com\/en\/blog\/secuoya-studios-y-the-pool-desvelan-las-primeras-imagenes-de-la-serie-documental-sobre-la-moncloa\/#breadcrumb","itemListElement":[{"@type":"ListItem","position":1,"name":"Inicio","item":"https:\/\/secuoyastudios.com\/en\/"},{"@type":"ListItem","position":2,"name":"Secuoya Studios y The Pool desvelan las primeras im\u00e1genes de la serie documental sobre La Moncloa"}]},{"@type":"WebSite","@id":"https:\/\/secuoyastudios.com\/en\/#website","url":"https:\/\/secuoyastudios.com\/en\/","name":"Secuoya Studios","description":"","potentialAction":[{"@type":"SearchAction","target":{"@type":"EntryPoint","urlTemplate":"https:\/\/secuoyastudios.com\/en\/?s={search_term_string}"},"query-input":{"@type":"PropertyValueSpecification","valueRequired":true,"valueName":"search_term_string"}}],"inLanguage":"en-US"},{"@type":"Person","@id":""}]}},"_links":{"self":[{"href":"https:\/\/secuoyastudios.com\/en\/wp-json\/wp\/v2\/posts\/5416","targetHints":{"allow":["GET"]}}],"collection":[{"href":"https:\/\/secuoyastudios.com\/en\/wp-json\/wp\/v2\/posts"}],"about":[{"href":"https:\/\/secuoyastudios.com\/en\/wp-json\/wp\/v2\/types\/post"}],"author":[{"embeddable":true,"href":"https:\/\/secuoyastudios.com\/en\/wp-json\/wp\/v2\/users\/10"}],"replies":[{"embeddable":true,"href":"https:\/\/secuoyastudios.com\/en\/wp-json\/wp\/v2\/comments?post=5416"}],"version-history":[{"count":1,"href":"https:\/\/secuoyastudios.com\/en\/wp-json\/wp\/v2\/posts\/5416\/revisions"}],"predecessor-version":[{"id":5417,"href":"https:\/\/secuoyastudios.com\/en\/wp-json\/wp\/v2\/posts\/5416\/revisions\/5417"}],"wp:featuredmedia":[{"embeddable":true,"href":"https:\/\/secuoyastudios.com\/en\/wp-json\/wp\/v2\/media\/4788"}],"wp:attachment":[{"href":"https:\/\/secuoyastudios.com\/en\/wp-json\/wp\/v2\/media?parent=5416"}],"wp:term":[{"taxonomy":"category","embeddable":true,"href":"https:\/\/secuoyastudios.com\/en\/wp-json\/wp\/v2\/categories?post=5416"},{"taxonomy":"post_tag","embeddable":true,"href":"https:\/\/secuoyastudios.com\/en\/wp-json\/wp\/v2\/tags?post=5416"}],"curies":[{"name":"wp","href":"https:\/\/api.w.org\/{rel}","templated":true}]}}