{"id":6949,"date":"2023-08-24T16:45:04","date_gmt":"2023-08-24T14:45:04","guid":{"rendered":"https:\/\/secuoyastudios.com\/uncategorized\/vuelo-jk5022-tragedia-spanair-marca-tendencia\/"},"modified":"2023-09-27T13:27:30","modified_gmt":"2023-09-27T11:27:30","slug":"vuelo-jk5022-tragedia-spanair-marca-tendencia","status":"publish","type":"post","link":"https:\/\/secuoyastudios.com\/en\/blog\/flight-jk5022-la-tragedia-de-spanair-leads-the-trend-and-draws-praise-for-its-production\/","title":{"rendered":"Flight JK5022. La tragedia de Spanair' leads the trend and draws praise for its production."},"content":{"rendered":"<h2 style=\"text-align: center;\">Documentary series from Secuoya Studios' Unscripted area draws attention for its \"impeccable production\" and \"meticulous storytelling.\"<\/h2>\n<p>&nbsp;<\/p>\n<p><strong>'Flight JK5022. La tragedia de Spanair'<\/strong> has become one of <strong>Movistar Plus+'s<\/strong> trending productions in its first week of broadcasting. The <strong>Secuoya Studios<\/strong> production, which recounts the reality of what happened in one of the most tragic plane crashes in Spain in the last few decades, is at the top of the list of production favorites by users of Telef\u00f3nica's platform and has received excellent reviews from the press.<\/p>\n<p><img decoding=\"async\" class=\"aligncenter wp-image-6654\" src=\"https:\/\/secuoyastudios.com\/wp-content\/uploads\/2023\/08\/captura-tendencias-m-2-min-300x105.png\" alt=\"\u2018Vuelo JK5022. La tragedia de Spanair\u2019 en Movistar +\" width=\"800\" height=\"279\" srcset=\"https:\/\/secuoyastudios.com\/wp-content\/uploads\/2023\/08\/captura-tendencias-m-2-min-300x105.png 300w, https:\/\/secuoyastudios.com\/wp-content\/uploads\/2023\/08\/captura-tendencias-m-2-min-1024x357.png 1024w, https:\/\/secuoyastudios.com\/wp-content\/uploads\/2023\/08\/captura-tendencias-m-2-min-768x268.png 768w, https:\/\/secuoyastudios.com\/wp-content\/uploads\/2023\/08\/captura-tendencias-m-2-min.png 1167w\" sizes=\"(max-width: 800px) 100vw, 800px\" \/><\/p>\n<p>On August 20, 2008, flight Madrid-Gran Canaria crashed just minutes after takeoff. A total of 154 people died, and 18 passengers were seriously injured. Fifteen years later, victims, specialists, and families still call for justice.<\/p>\n<h2>\"Its production is impeccable.\"<\/h2>\n<p>A week after its premiere, <strong>'Flight JK5022. La tragedia de Spanair'<\/strong> is among the streaming platform's leading productions. The three episodes of the docuseries from the Unscripted area of Secuoya Studios bring the causes and aftermath of the terrible event and awaken the audience's interest with a positive response to its broadcast.<\/p>\n<blockquote><p>Flight JK5022. The Spanair tragedy deals with the subject with absolute respect for the victims, and its production is impeccable. Undoubtedly, the specific weight of this work lies in the meticulous and courageous investigation conducted, which had the help and testimonies of the surviving victims, the relatives of the deceased, as well as technicians and specialists who analyzed in detail everything that happened, with particular attention to the summary material and reports of the investigation commission, as well as the use of new technologies to simulate and recreate the accident. The conclusions appear forceful before the eyes of the viewers.\" - David Jaramillo (La Raz\u00f3n)<\/p><\/blockquote>\n<p style=\"text-align: center;\">-<\/p>\n<blockquote><p>Flight JK5022 is the meticulous and well-narrated chronicle of a chain of mistakes that could have been avoided\" - Manuel J. Lombardo (Diario de Sevilla)<\/p><\/blockquote>\n<p style=\"text-align: center;\">-<\/p>\n<blockquote><p>Narratively, there is little to criticize the documentary. It consists of three episodes: one describing the events of August 20, 15 years ago, with verifiable information. Another is the point of view of the victim's relatives and the institutional management of the case. Finally, a third is the responsibilities outlined in the previous one, which explains the judicial course of the accident. The chronological and thematic order are superposed in a natural progression, and it works\" - Jose A. Cano (Cine con \u00d1)<\/p><\/blockquote>\n<div align=\"center\">\n<p style=\"text-align: center;\">-<\/p>\n<blockquote>\n<p style=\"text-align: left;\">The director of the series, Alberto Puerta, worked consciously on the testimonies of survivors and family members that form the backbone of the story\" - H\u00e9ctor Llanos Mart\u00ednez (El Pa\u00eds)<\/p>\n<\/blockquote>\n<blockquote class=\"instagram-media\" style=\"background: #FFF; border: 0; border-radius: 3px; box-shadow: 0 0 1px 0 rgba(0,0,0,0.5),0 1px 10px 0 rgba(0,0,0,0.15); margin: 1px; max-width: 540px; min-width: 326px; padding: 0; width: calc(100% - 2px);\" data-instgrm-captioned=\"\" data-instgrm-permalink=\"https:\/\/www.instagram.com\/reel\/Cv-KKc0t-Rt\/?utm_source=ig_embed&amp;utm_campaign=loading\" data-instgrm-version=\"14\">\n<div style=\"padding: 16px;\">\n<div style=\"display: flex; flex-direction: row; align-items: center;\">\n<div style=\"background-color: #f4f4f4; border-radius: 50%; flex-grow: 0; height: 40px; margin-right: 14px; width: 40px;\"><\/div>\n<div style=\"display: flex; flex-direction: column; flex-grow: 1; justify-content: center;\">\n<div style=\"background-color: #f4f4f4; border-radius: 4px; flex-grow: 0; height: 14px; margin-bottom: 6px; width: 100px;\"><\/div>\n<div style=\"background-color: #f4f4f4; border-radius: 4px; flex-grow: 0; height: 14px; width: 60px;\"><\/div>\n<\/div>\n<\/div>\n<div style=\"padding: 19% 0;\"><\/div>\n<div style=\"display: block; height: 50px; margin: 0 auto 12px; width: 50px;\"><\/div>\n<div style=\"padding-top: 8px;\">\n<div style=\"color: #3897f0; font-family: Arial,sans-serif; font-size: 14px; font-style: normal; font-weight: 550; line-height: 18px;\">Ver esta publicaci\u00f3n en Instagram<\/div>\n<\/div>\n<div style=\"padding: 12.5% 0;\"><\/div>\n<div style=\"display: flex; flex-direction: row; margin-bottom: 14px; align-items: center;\">\n<div>\n<div style=\"background-color: #f4f4f4; border-radius: 50%; height: 12.5px; width: 12.5px; transform: translateX(0px) translateY(7px);\"><\/div>\n<div style=\"background-color: #f4f4f4; height: 12.5px; transform: rotate(-45deg) translateX(3px) translateY(1px); width: 12.5px; flex-grow: 0; margin-right: 14px; margin-left: 2px;\"><\/div>\n<div style=\"background-color: #f4f4f4; border-radius: 50%; height: 12.5px; width: 12.5px; transform: translateX(9px) translateY(-18px);\"><\/div>\n<\/div>\n<div style=\"margin-left: 8px;\">\n<div style=\"background-color: #f4f4f4; border-radius: 50%; flex-grow: 0; height: 20px; width: 20px;\"><\/div>\n<div style=\"width: 0; height: 0; border-top: 2px solid transparent; border-left: 6px solid #f4f4f4; border-bottom: 2px solid transparent; transform: translateX(16px) translateY(-4px) rotate(30deg);\"><\/div>\n<\/div>\n<div style=\"margin-left: auto;\">\n<div style=\"width: 0px; border-top: 8px solid #F4F4F4; border-right: 8px solid transparent; transform: translateY(16px);\"><\/div>\n<div style=\"background-color: #f4f4f4; flex-grow: 0; height: 12px; width: 16px; transform: translateY(-4px);\"><\/div>\n<div style=\"width: 0; height: 0; border-top: 8px solid #F4F4F4; border-left: 8px solid transparent; transform: translateY(-4px) translateX(8px);\"><\/div>\n<\/div>\n<\/div>\n<div style=\"display: flex; flex-direction: column; flex-grow: 1; justify-content: center; margin-bottom: 24px;\">\n<div style=\"background-color: #f4f4f4; border-radius: 4px; flex-grow: 0; height: 14px; margin-bottom: 6px; width: 224px;\"><\/div>\n<div style=\"background-color: #f4f4f4; border-radius: 4px; flex-grow: 0; height: 14px; width: 144px;\"><\/div>\n<\/div>\n<p>&nbsp;<\/p>\n<p style=\"color: #c9c8cd; font-family: Arial,sans-serif; font-size: 14px; line-height: 17px; margin-bottom: 0; margin-top: 8px; overflow: hidden; padding: 8px 0 7px; text-align: center; text-overflow: ellipsis; white-space: nowrap;\"><a style=\"color: #c9c8cd; font-family: Arial,sans-serif; font-size: 14px; font-style: normal; font-weight: normal; line-height: 17px; text-decoration: none;\" href=\"https:\/\/www.instagram.com\/reel\/Cv-KKc0t-Rt\/?utm_source=ig_embed&amp;utm_campaign=loading\" target=\"_blank\" rel=\"noopener\">Una publicaci\u00f3n compartida de Secuoya Studios (@secuoyastudios)<\/a><\/p>\n<\/div>\n<\/blockquote>\n<p><script async src=\"\/\/www.instagram.com\/embed.js\"><\/script><\/p>\n<\/div>\n<p>El Destino, 'Nadie va a pagar por los m\u00edos' and 'Poderoso caballero' have impressed the platform's users, who value the effort and research put into this documentary series, directed by Alberto Puerta, written by Jorge Bartolom\u00e9, under the production of Secuoya Studios' Unscripted area.<\/p>\n","protected":false},"excerpt":{"rendered":"<p>Documentary series from Secuoya Studios' Unscripted area draws attention for its \"impeccable production\" and \"meticulous storytelling.\" &nbsp; 'Flight JK5022. La tragedia de Spanair' has become one of Movistar Plus+'s trending productions in its first week [&hellip;]<\/p>\n","protected":false},"author":10,"featured_media":6657,"comment_status":"closed","ping_status":"open","sticky":false,"template":"","format":"standard","meta":{"footnotes":""},"categories":[352],"tags":[],"class_list":["post-6949","post","type-post","status-publish","format-standard","has-post-thumbnail","hentry","category-news"],"yoast_head":"<!-- This site is optimized with the Yoast SEO plugin v24.9 - https:\/\/yoast.com\/wordpress\/plugins\/seo\/ -->\n<title>\u2018La tragedia de Spanair\u2019 marca tendencia<\/title>\n<meta name=\"description\" content=\"Documentary series from Secuoya Studios&#039; Unscripted area draws attention for its &quot;impeccable production&quot; and &quot;meticulous storytelling.&quot; &nbsp; &#039;Flight\" \/>\n<meta name=\"robots\" content=\"index, follow, max-snippet:-1, max-image-preview:large, max-video-preview:-1\" \/>\n<link rel=\"canonical\" href=\"https:\/\/secuoyastudios.com\/en\/blog\/flight-jk5022-la-tragedia-de-spanair-leads-the-trend-and-draws-praise-for-its-production\/\" \/>\n<meta property=\"og:locale\" content=\"en_US\" \/>\n<meta property=\"og:type\" content=\"article\" \/>\n<meta property=\"og:title\" content=\"\u2018La tragedia de Spanair\u2019 marca tendencia\" \/>\n<meta property=\"og:description\" content=\"Documentary series from Secuoya Studios&#039; Unscripted area draws attention for its &quot;impeccable production&quot; and &quot;meticulous storytelling.&quot; &nbsp; &#039;Flight\" \/>\n<meta property=\"og:url\" content=\"https:\/\/secuoyastudios.com\/en\/blog\/flight-jk5022-la-tragedia-de-spanair-leads-the-trend-and-draws-praise-for-its-production\/\" \/>\n<meta property=\"og:site_name\" content=\"Secuoya Studios\" \/>\n<meta property=\"article:published_time\" content=\"2023-08-24T14:45:04+00:00\" \/>\n<meta property=\"article:modified_time\" content=\"2023-09-27T11:27:30+00:00\" \/>\n<meta property=\"og:image\" content=\"https:\/\/secuoyastudios.com\/wp-content\/uploads\/2023\/08\/medidas-web-min.jpg\" \/>\n\t<meta property=\"og:image:width\" content=\"1920\" \/>\n\t<meta property=\"og:image:height\" content=\"1080\" \/>\n\t<meta property=\"og:image:type\" content=\"image\/jpeg\" \/>\n<meta name=\"twitter:card\" content=\"summary_large_image\" \/>\n<meta name=\"twitter:label1\" content=\"Written by\" \/>\n\t<meta name=\"twitter:data1\" content=\"\" \/>\n\t<meta name=\"twitter:label2\" content=\"Est. reading time\" \/>\n\t<meta name=\"twitter:data2\" content=\"3 minutes\" \/>\n<script type=\"application\/ld+json\" class=\"yoast-schema-graph\">{\"@context\":\"https:\/\/schema.org\",\"@graph\":[{\"@type\":\"WebPage\",\"@id\":\"https:\/\/secuoyastudios.com\/en\/blog\/flight-jk5022-la-tragedia-de-spanair-leads-the-trend-and-draws-praise-for-its-production\/\",\"url\":\"https:\/\/secuoyastudios.com\/en\/blog\/flight-jk5022-la-tragedia-de-spanair-leads-the-trend-and-draws-praise-for-its-production\/\",\"name\":\"\u2018La tragedia de Spanair\u2019 marca tendencia\",\"isPartOf\":{\"@id\":\"https:\/\/secuoyastudios.com\/en\/#website\"},\"primaryImageOfPage\":{\"@id\":\"https:\/\/secuoyastudios.com\/en\/blog\/flight-jk5022-la-tragedia-de-spanair-leads-the-trend-and-draws-praise-for-its-production\/#primaryimage\"},\"image\":{\"@id\":\"https:\/\/secuoyastudios.com\/en\/blog\/flight-jk5022-la-tragedia-de-spanair-leads-the-trend-and-draws-praise-for-its-production\/#primaryimage\"},\"thumbnailUrl\":\"https:\/\/secuoyastudios.com\/wp-content\/uploads\/2023\/08\/medidas-web-min.jpg\",\"datePublished\":\"2023-08-24T14:45:04+00:00\",\"dateModified\":\"2023-09-27T11:27:30+00:00\",\"author\":{\"@id\":\"\"},\"description\":\"Documentary series from Secuoya Studios' Unscripted area draws attention for its \\\"impeccable production\\\" and \\\"meticulous storytelling.\\\" &nbsp; 'Flight\",\"breadcrumb\":{\"@id\":\"https:\/\/secuoyastudios.com\/en\/blog\/flight-jk5022-la-tragedia-de-spanair-leads-the-trend-and-draws-praise-for-its-production\/#breadcrumb\"},\"inLanguage\":\"en-US\",\"potentialAction\":[{\"@type\":\"ReadAction\",\"target\":[\"https:\/\/secuoyastudios.com\/en\/blog\/flight-jk5022-la-tragedia-de-spanair-leads-the-trend-and-draws-praise-for-its-production\/\"]}]},{\"@type\":\"ImageObject\",\"inLanguage\":\"en-US\",\"@id\":\"https:\/\/secuoyastudios.com\/en\/blog\/flight-jk5022-la-tragedia-de-spanair-leads-the-trend-and-draws-praise-for-its-production\/#primaryimage\",\"url\":\"https:\/\/secuoyastudios.com\/wp-content\/uploads\/2023\/08\/medidas-web-min.jpg\",\"contentUrl\":\"https:\/\/secuoyastudios.com\/wp-content\/uploads\/2023\/08\/medidas-web-min.jpg\",\"width\":1920,\"height\":1080,\"caption\":\"\u2018Vuelo JK5022. La tragedia de Spanair\u2019 marca tendencia\"},{\"@type\":\"BreadcrumbList\",\"@id\":\"https:\/\/secuoyastudios.com\/en\/blog\/flight-jk5022-la-tragedia-de-spanair-leads-the-trend-and-draws-praise-for-its-production\/#breadcrumb\",\"itemListElement\":[{\"@type\":\"ListItem\",\"position\":1,\"name\":\"Inicio\",\"item\":\"https:\/\/secuoyastudios.com\/en\/\"},{\"@type\":\"ListItem\",\"position\":2,\"name\":\"Flight JK5022. La tragedia de Spanair' leads the trend and draws praise for its production.\"}]},{\"@type\":\"WebSite\",\"@id\":\"https:\/\/secuoyastudios.com\/en\/#website\",\"url\":\"https:\/\/secuoyastudios.com\/en\/\",\"name\":\"Secuoya Studios\",\"description\":\"\",\"potentialAction\":[{\"@type\":\"SearchAction\",\"target\":{\"@type\":\"EntryPoint\",\"urlTemplate\":\"https:\/\/secuoyastudios.com\/en\/?s={search_term_string}\"},\"query-input\":{\"@type\":\"PropertyValueSpecification\",\"valueRequired\":true,\"valueName\":\"search_term_string\"}}],\"inLanguage\":\"en-US\"},{\"@type\":\"Person\",\"@id\":\"\"}]}<\/script>\n<!-- \/ Yoast SEO plugin. -->","yoast_head_json":{"title":"\u2018La tragedia de Spanair\u2019 marca tendencia","description":"Documentary series from Secuoya Studios' Unscripted area draws attention for its \"impeccable production\" and \"meticulous storytelling.\" &nbsp; 'Flight","robots":{"index":"index","follow":"follow","max-snippet":"max-snippet:-1","max-image-preview":"max-image-preview:large","max-video-preview":"max-video-preview:-1"},"canonical":"https:\/\/secuoyastudios.com\/en\/blog\/flight-jk5022-la-tragedia-de-spanair-leads-the-trend-and-draws-praise-for-its-production\/","og_locale":"en_US","og_type":"article","og_title":"\u2018La tragedia de Spanair\u2019 marca tendencia","og_description":"Documentary series from Secuoya Studios' Unscripted area draws attention for its \"impeccable production\" and \"meticulous storytelling.\" &nbsp; 'Flight","og_url":"https:\/\/secuoyastudios.com\/en\/blog\/flight-jk5022-la-tragedia-de-spanair-leads-the-trend-and-draws-praise-for-its-production\/","og_site_name":"Secuoya Studios","article_published_time":"2023-08-24T14:45:04+00:00","article_modified_time":"2023-09-27T11:27:30+00:00","og_image":[{"width":1920,"height":1080,"url":"https:\/\/secuoyastudios.com\/wp-content\/uploads\/2023\/08\/medidas-web-min.jpg","type":"image\/jpeg"}],"twitter_card":"summary_large_image","twitter_misc":{"Written by":"","Est. reading time":"3 minutes"},"schema":{"@context":"https:\/\/schema.org","@graph":[{"@type":"WebPage","@id":"https:\/\/secuoyastudios.com\/en\/blog\/flight-jk5022-la-tragedia-de-spanair-leads-the-trend-and-draws-praise-for-its-production\/","url":"https:\/\/secuoyastudios.com\/en\/blog\/flight-jk5022-la-tragedia-de-spanair-leads-the-trend-and-draws-praise-for-its-production\/","name":"\u2018La tragedia de Spanair\u2019 marca tendencia","isPartOf":{"@id":"https:\/\/secuoyastudios.com\/en\/#website"},"primaryImageOfPage":{"@id":"https:\/\/secuoyastudios.com\/en\/blog\/flight-jk5022-la-tragedia-de-spanair-leads-the-trend-and-draws-praise-for-its-production\/#primaryimage"},"image":{"@id":"https:\/\/secuoyastudios.com\/en\/blog\/flight-jk5022-la-tragedia-de-spanair-leads-the-trend-and-draws-praise-for-its-production\/#primaryimage"},"thumbnailUrl":"https:\/\/secuoyastudios.com\/wp-content\/uploads\/2023\/08\/medidas-web-min.jpg","datePublished":"2023-08-24T14:45:04+00:00","dateModified":"2023-09-27T11:27:30+00:00","author":{"@id":""},"description":"Documentary series from Secuoya Studios' Unscripted area draws attention for its \"impeccable production\" and \"meticulous storytelling.\" &nbsp; 'Flight","breadcrumb":{"@id":"https:\/\/secuoyastudios.com\/en\/blog\/flight-jk5022-la-tragedia-de-spanair-leads-the-trend-and-draws-praise-for-its-production\/#breadcrumb"},"inLanguage":"en-US","potentialAction":[{"@type":"ReadAction","target":["https:\/\/secuoyastudios.com\/en\/blog\/flight-jk5022-la-tragedia-de-spanair-leads-the-trend-and-draws-praise-for-its-production\/"]}]},{"@type":"ImageObject","inLanguage":"en-US","@id":"https:\/\/secuoyastudios.com\/en\/blog\/flight-jk5022-la-tragedia-de-spanair-leads-the-trend-and-draws-praise-for-its-production\/#primaryimage","url":"https:\/\/secuoyastudios.com\/wp-content\/uploads\/2023\/08\/medidas-web-min.jpg","contentUrl":"https:\/\/secuoyastudios.com\/wp-content\/uploads\/2023\/08\/medidas-web-min.jpg","width":1920,"height":1080,"caption":"\u2018Vuelo JK5022. La tragedia de Spanair\u2019 marca tendencia"},{"@type":"BreadcrumbList","@id":"https:\/\/secuoyastudios.com\/en\/blog\/flight-jk5022-la-tragedia-de-spanair-leads-the-trend-and-draws-praise-for-its-production\/#breadcrumb","itemListElement":[{"@type":"ListItem","position":1,"name":"Inicio","item":"https:\/\/secuoyastudios.com\/en\/"},{"@type":"ListItem","position":2,"name":"Flight JK5022. La tragedia de Spanair' leads the trend and draws praise for its production."}]},{"@type":"WebSite","@id":"https:\/\/secuoyastudios.com\/en\/#website","url":"https:\/\/secuoyastudios.com\/en\/","name":"Secuoya Studios","description":"","potentialAction":[{"@type":"SearchAction","target":{"@type":"EntryPoint","urlTemplate":"https:\/\/secuoyastudios.com\/en\/?s={search_term_string}"},"query-input":{"@type":"PropertyValueSpecification","valueRequired":true,"valueName":"search_term_string"}}],"inLanguage":"en-US"},{"@type":"Person","@id":""}]}},"_links":{"self":[{"href":"https:\/\/secuoyastudios.com\/en\/wp-json\/wp\/v2\/posts\/6949","targetHints":{"allow":["GET"]}}],"collection":[{"href":"https:\/\/secuoyastudios.com\/en\/wp-json\/wp\/v2\/posts"}],"about":[{"href":"https:\/\/secuoyastudios.com\/en\/wp-json\/wp\/v2\/types\/post"}],"author":[{"embeddable":true,"href":"https:\/\/secuoyastudios.com\/en\/wp-json\/wp\/v2\/users\/10"}],"replies":[{"embeddable":true,"href":"https:\/\/secuoyastudios.com\/en\/wp-json\/wp\/v2\/comments?post=6949"}],"version-history":[{"count":2,"href":"https:\/\/secuoyastudios.com\/en\/wp-json\/wp\/v2\/posts\/6949\/revisions"}],"predecessor-version":[{"id":6951,"href":"https:\/\/secuoyastudios.com\/en\/wp-json\/wp\/v2\/posts\/6949\/revisions\/6951"}],"wp:featuredmedia":[{"embeddable":true,"href":"https:\/\/secuoyastudios.com\/en\/wp-json\/wp\/v2\/media\/6657"}],"wp:attachment":[{"href":"https:\/\/secuoyastudios.com\/en\/wp-json\/wp\/v2\/media?parent=6949"}],"wp:term":[{"taxonomy":"category","embeddable":true,"href":"https:\/\/secuoyastudios.com\/en\/wp-json\/wp\/v2\/categories?post=6949"},{"taxonomy":"post_tag","embeddable":true,"href":"https:\/\/secuoyastudios.com\/en\/wp-json\/wp\/v2\/tags?post=6949"}],"curies":[{"name":"wp","href":"https:\/\/api.w.org\/{rel}","templated":true}]}}