{"id":9715,"date":"2025-02-11T12:43:53","date_gmt":"2025-02-11T11:43:53","guid":{"rendered":"https:\/\/secuoyastudios.com\/?p=9715"},"modified":"2025-02-11T12:58:31","modified_gmt":"2025-02-11T11:58:31","slug":"matices-stars-in-berlinale-series-markets-spanish-thrillers-showcase","status":"publish","type":"post","link":"https:\/\/secuoyastudios.com\/en\/blog\/matices-stars-in-berlinale-series-markets-spanish-thrillers-showcase\/","title":{"rendered":"'Matices' stars in Berlinale Series Market's Spanish Thrillers Showcase"},"content":{"rendered":"<h3 style=\"text-align: center;\">The panel will take place on February 17 and will be attended by Mar\u00eda Garc\u00eda-Castrill\u00f3n (Secuoya Studios), Sergio C\u00e1novas (StellarMedia) and Christian Gockel (Beta Film)<\/h3>\n<p><strong>Secuoya Studios<\/strong> will travel to Berlin to participate in the new edition of the <strong>Berlinale Series Market<\/strong>. Organized by the <strong>European Film Market, Berlinale Co-Production Market<\/strong> and <strong>Berlinale Talents<\/strong>, this meeting will be held from<strong> February 16-19<\/strong> and will bring together leading industry professionals. Through conferences, showcases, keynotes and thematic panels, the most current trends that are shaping the future of the audiovisual industry will be analyzed.<\/p>\n<p>The series <strong>'Matices'<\/strong>, produced by <strong>Secuoya Studios<\/strong> together with StellarMedia, SkyShowtime and Beta Film, will star in the Spanish Thrillers Showcase, to be held on February 17 in the CinemaxX 1 multi-hall at Potsdamer Platz in Berlin.<\/p>\n<p>Iberseries &amp; Platino Industria and Audiovisual from Spain present this initiative that will address the international success of Spanish thrillers, a genre that deals with current social issues and international repercussions.<\/p>\n<p>The studio will be joined by Mar\u00eda Garc\u00eda-Castrill\u00f3n, director of co-productions at Secuoya Studios; Sergio C\u00e1novas, showrunner and director; and Christian Gockel, EVP Acquisitions &amp; Sales and New media at Beta Film will lead the showcase to talk about 'Matices'. The session will be moderated by John Hopewell, International Features Editor at Variety, and will also feature Cristian Liarte (Mediacrest) and Jos\u00e9 Pastor (RTVE) to talk about one of their latest titles, 'Asuntos Internos'.<\/p>\n<p>The psychological thriller <strong>'Matices'<\/strong>, created by Sergio C\u00e1novas, Alex Meriweather and Javier Naya, and directed by C\u00e1novas, will soon arrive exclusively on SkyShowtime. The eight-episode series features a top-notch cast headed by Maxi Iglesias, Miriam Giovanelli, Juana Acosta, Hovik Keuchkerian, Fariba Sheikhan, Eusebio Poncela, Enrique Arce, Ra\u00fal Prieto and Elsa Pataky.<\/p>\n<p>This showcase also takes place within the agreement established between <strong>Iberseries &amp; Platino Industria <\/strong>and <strong>Berlinale Series Market<\/strong>, constituting a milestone between the cooperation between the European Film Market and the main international meeting for professionals linked to the Ibero-American audiovisual industry, which will take place its fifth edition from <strong>September 30 to October 3, 2025 in Matadero Madrid.<\/strong><\/p>\n","protected":false},"excerpt":{"rendered":"<p>The panel will take place on February 17 and will be attended by Mar\u00eda Garc\u00eda-Castrill\u00f3n (Secuoya Studios), Sergio C\u00e1novas (StellarMedia) and Christian Gockel (Beta Film) Secuoya Studios will travel to Berlin to participate in the [&hellip;]<\/p>\n","protected":false},"author":4,"featured_media":9143,"comment_status":"closed","ping_status":"closed","sticky":false,"template":"","format":"standard","meta":{"footnotes":""},"categories":[212,213],"tags":[],"class_list":["post-9715","post","type-post","status-publish","format-standard","has-post-thumbnail","hentry","category-festivals","category-fiction"],"yoast_head":"<!-- This site is optimized with the Yoast SEO plugin v24.9 - https:\/\/yoast.com\/wordpress\/plugins\/seo\/ -->\n<title>&#039;Matices&#039; stars in Berlinale Series Market&#039;s Spanish Thrillers Showcase<\/title>\n<meta name=\"description\" content=\"The panel will take place on February 17 and will be attended by Mar\u00eda Garc\u00eda-Castrill\u00f3n (Secuoya Studios), Sergio C\u00e1novas (StellarMedia) and Christian\" \/>\n<meta name=\"robots\" content=\"index, follow, max-snippet:-1, max-image-preview:large, max-video-preview:-1\" \/>\n<link rel=\"canonical\" href=\"https:\/\/secuoyastudios.com\/en\/blog\/matices-stars-in-berlinale-series-markets-spanish-thrillers-showcase\/\" \/>\n<meta property=\"og:locale\" content=\"en_US\" \/>\n<meta property=\"og:type\" content=\"article\" \/>\n<meta property=\"og:title\" content=\"&#039;Matices&#039; stars in Berlinale Series Market&#039;s Spanish Thrillers Showcase\" \/>\n<meta property=\"og:description\" content=\"The panel will take place on February 17 and will be attended by Mar\u00eda Garc\u00eda-Castrill\u00f3n (Secuoya Studios), Sergio C\u00e1novas (StellarMedia) and Christian\" \/>\n<meta property=\"og:url\" content=\"https:\/\/secuoyastudios.com\/en\/blog\/matices-stars-in-berlinale-series-markets-spanish-thrillers-showcase\/\" \/>\n<meta property=\"og:site_name\" content=\"Secuoya Studios\" \/>\n<meta property=\"article:published_time\" content=\"2025-02-11T11:43:53+00:00\" \/>\n<meta property=\"article:modified_time\" content=\"2025-02-11T11:58:31+00:00\" \/>\n<meta property=\"og:image\" content=\"https:\/\/secuoyastudios.com\/wp-content\/uploads\/2024\/09\/matices-s01-foto-30-7-24manuelfiestas-mfm04268-baja-1-e1727191215546.jpg\" \/>\n\t<meta property=\"og:image:width\" content=\"5760\" \/>\n\t<meta property=\"og:image:height\" content=\"8640\" \/>\n\t<meta property=\"og:image:type\" content=\"image\/jpeg\" \/>\n<meta name=\"author\" content=\"Cristina Abel\" \/>\n<meta name=\"twitter:card\" content=\"summary_large_image\" \/>\n<meta name=\"twitter:label1\" content=\"Written by\" \/>\n\t<meta name=\"twitter:data1\" content=\"Cristina Abel\" \/>\n\t<meta name=\"twitter:label2\" content=\"Est. reading time\" \/>\n\t<meta name=\"twitter:data2\" content=\"2 minutes\" \/>\n<script type=\"application\/ld+json\" class=\"yoast-schema-graph\">{\"@context\":\"https:\/\/schema.org\",\"@graph\":[{\"@type\":\"WebPage\",\"@id\":\"https:\/\/secuoyastudios.com\/en\/blog\/matices-stars-in-berlinale-series-markets-spanish-thrillers-showcase\/\",\"url\":\"https:\/\/secuoyastudios.com\/en\/blog\/matices-stars-in-berlinale-series-markets-spanish-thrillers-showcase\/\",\"name\":\"'Matices' stars in Berlinale Series Market's Spanish Thrillers Showcase\",\"isPartOf\":{\"@id\":\"https:\/\/secuoyastudios.com\/en\/#website\"},\"primaryImageOfPage\":{\"@id\":\"https:\/\/secuoyastudios.com\/en\/blog\/matices-stars-in-berlinale-series-markets-spanish-thrillers-showcase\/#primaryimage\"},\"image\":{\"@id\":\"https:\/\/secuoyastudios.com\/en\/blog\/matices-stars-in-berlinale-series-markets-spanish-thrillers-showcase\/#primaryimage\"},\"thumbnailUrl\":\"https:\/\/secuoyastudios.com\/wp-content\/uploads\/2024\/09\/matices-s01-foto-30-7-24manuelfiestas-mfm04268-baja-1-e1727191215546.jpg\",\"datePublished\":\"2025-02-11T11:43:53+00:00\",\"dateModified\":\"2025-02-11T11:58:31+00:00\",\"author\":{\"@id\":\"https:\/\/secuoyastudios.com\/en\/#\/schema\/person\/c08372c3b4095096846e41ca0b0c6cd0\"},\"description\":\"The panel will take place on February 17 and will be attended by Mar\u00eda Garc\u00eda-Castrill\u00f3n (Secuoya Studios), Sergio C\u00e1novas (StellarMedia) and Christian\",\"breadcrumb\":{\"@id\":\"https:\/\/secuoyastudios.com\/en\/blog\/matices-stars-in-berlinale-series-markets-spanish-thrillers-showcase\/#breadcrumb\"},\"inLanguage\":\"en-US\",\"potentialAction\":[{\"@type\":\"ReadAction\",\"target\":[\"https:\/\/secuoyastudios.com\/en\/blog\/matices-stars-in-berlinale-series-markets-spanish-thrillers-showcase\/\"]}]},{\"@type\":\"ImageObject\",\"inLanguage\":\"en-US\",\"@id\":\"https:\/\/secuoyastudios.com\/en\/blog\/matices-stars-in-berlinale-series-markets-spanish-thrillers-showcase\/#primaryimage\",\"url\":\"https:\/\/secuoyastudios.com\/wp-content\/uploads\/2024\/09\/matices-s01-foto-30-7-24manuelfiestas-mfm04268-baja-1-e1727191215546.jpg\",\"contentUrl\":\"https:\/\/secuoyastudios.com\/wp-content\/uploads\/2024\/09\/matices-s01-foto-30-7-24manuelfiestas-mfm04268-baja-1-e1727191215546.jpg\",\"width\":5760,\"height\":8640},{\"@type\":\"BreadcrumbList\",\"@id\":\"https:\/\/secuoyastudios.com\/en\/blog\/matices-stars-in-berlinale-series-markets-spanish-thrillers-showcase\/#breadcrumb\",\"itemListElement\":[{\"@type\":\"ListItem\",\"position\":1,\"name\":\"Inicio\",\"item\":\"https:\/\/secuoyastudios.com\/en\/\"},{\"@type\":\"ListItem\",\"position\":2,\"name\":\"'Matices' stars in Berlinale Series Market's Spanish Thrillers Showcase\"}]},{\"@type\":\"WebSite\",\"@id\":\"https:\/\/secuoyastudios.com\/en\/#website\",\"url\":\"https:\/\/secuoyastudios.com\/en\/\",\"name\":\"Secuoya Studios\",\"description\":\"\",\"potentialAction\":[{\"@type\":\"SearchAction\",\"target\":{\"@type\":\"EntryPoint\",\"urlTemplate\":\"https:\/\/secuoyastudios.com\/en\/?s={search_term_string}\"},\"query-input\":{\"@type\":\"PropertyValueSpecification\",\"valueRequired\":true,\"valueName\":\"search_term_string\"}}],\"inLanguage\":\"en-US\"},{\"@type\":\"Person\",\"@id\":\"https:\/\/secuoyastudios.com\/en\/#\/schema\/person\/c08372c3b4095096846e41ca0b0c6cd0\",\"name\":\"Cristina Abel\"}]}<\/script>\n<!-- \/ Yoast SEO plugin. -->","yoast_head_json":{"title":"'Matices' stars in Berlinale Series Market's Spanish Thrillers Showcase","description":"The panel will take place on February 17 and will be attended by Mar\u00eda Garc\u00eda-Castrill\u00f3n (Secuoya Studios), Sergio C\u00e1novas (StellarMedia) and Christian","robots":{"index":"index","follow":"follow","max-snippet":"max-snippet:-1","max-image-preview":"max-image-preview:large","max-video-preview":"max-video-preview:-1"},"canonical":"https:\/\/secuoyastudios.com\/en\/blog\/matices-stars-in-berlinale-series-markets-spanish-thrillers-showcase\/","og_locale":"en_US","og_type":"article","og_title":"'Matices' stars in Berlinale Series Market's Spanish Thrillers Showcase","og_description":"The panel will take place on February 17 and will be attended by Mar\u00eda Garc\u00eda-Castrill\u00f3n (Secuoya Studios), Sergio C\u00e1novas (StellarMedia) and Christian","og_url":"https:\/\/secuoyastudios.com\/en\/blog\/matices-stars-in-berlinale-series-markets-spanish-thrillers-showcase\/","og_site_name":"Secuoya Studios","article_published_time":"2025-02-11T11:43:53+00:00","article_modified_time":"2025-02-11T11:58:31+00:00","og_image":[{"width":5760,"height":8640,"url":"https:\/\/secuoyastudios.com\/wp-content\/uploads\/2024\/09\/matices-s01-foto-30-7-24manuelfiestas-mfm04268-baja-1-e1727191215546.jpg","type":"image\/jpeg"}],"author":"Cristina Abel","twitter_card":"summary_large_image","twitter_misc":{"Written by":"Cristina Abel","Est. reading time":"2 minutes"},"schema":{"@context":"https:\/\/schema.org","@graph":[{"@type":"WebPage","@id":"https:\/\/secuoyastudios.com\/en\/blog\/matices-stars-in-berlinale-series-markets-spanish-thrillers-showcase\/","url":"https:\/\/secuoyastudios.com\/en\/blog\/matices-stars-in-berlinale-series-markets-spanish-thrillers-showcase\/","name":"'Matices' stars in Berlinale Series Market's Spanish Thrillers Showcase","isPartOf":{"@id":"https:\/\/secuoyastudios.com\/en\/#website"},"primaryImageOfPage":{"@id":"https:\/\/secuoyastudios.com\/en\/blog\/matices-stars-in-berlinale-series-markets-spanish-thrillers-showcase\/#primaryimage"},"image":{"@id":"https:\/\/secuoyastudios.com\/en\/blog\/matices-stars-in-berlinale-series-markets-spanish-thrillers-showcase\/#primaryimage"},"thumbnailUrl":"https:\/\/secuoyastudios.com\/wp-content\/uploads\/2024\/09\/matices-s01-foto-30-7-24manuelfiestas-mfm04268-baja-1-e1727191215546.jpg","datePublished":"2025-02-11T11:43:53+00:00","dateModified":"2025-02-11T11:58:31+00:00","author":{"@id":"https:\/\/secuoyastudios.com\/en\/#\/schema\/person\/c08372c3b4095096846e41ca0b0c6cd0"},"description":"The panel will take place on February 17 and will be attended by Mar\u00eda Garc\u00eda-Castrill\u00f3n (Secuoya Studios), Sergio C\u00e1novas (StellarMedia) and Christian","breadcrumb":{"@id":"https:\/\/secuoyastudios.com\/en\/blog\/matices-stars-in-berlinale-series-markets-spanish-thrillers-showcase\/#breadcrumb"},"inLanguage":"en-US","potentialAction":[{"@type":"ReadAction","target":["https:\/\/secuoyastudios.com\/en\/blog\/matices-stars-in-berlinale-series-markets-spanish-thrillers-showcase\/"]}]},{"@type":"ImageObject","inLanguage":"en-US","@id":"https:\/\/secuoyastudios.com\/en\/blog\/matices-stars-in-berlinale-series-markets-spanish-thrillers-showcase\/#primaryimage","url":"https:\/\/secuoyastudios.com\/wp-content\/uploads\/2024\/09\/matices-s01-foto-30-7-24manuelfiestas-mfm04268-baja-1-e1727191215546.jpg","contentUrl":"https:\/\/secuoyastudios.com\/wp-content\/uploads\/2024\/09\/matices-s01-foto-30-7-24manuelfiestas-mfm04268-baja-1-e1727191215546.jpg","width":5760,"height":8640},{"@type":"BreadcrumbList","@id":"https:\/\/secuoyastudios.com\/en\/blog\/matices-stars-in-berlinale-series-markets-spanish-thrillers-showcase\/#breadcrumb","itemListElement":[{"@type":"ListItem","position":1,"name":"Inicio","item":"https:\/\/secuoyastudios.com\/en\/"},{"@type":"ListItem","position":2,"name":"'Matices' stars in Berlinale Series Market's Spanish Thrillers Showcase"}]},{"@type":"WebSite","@id":"https:\/\/secuoyastudios.com\/en\/#website","url":"https:\/\/secuoyastudios.com\/en\/","name":"Secuoya Studios","description":"","potentialAction":[{"@type":"SearchAction","target":{"@type":"EntryPoint","urlTemplate":"https:\/\/secuoyastudios.com\/en\/?s={search_term_string}"},"query-input":{"@type":"PropertyValueSpecification","valueRequired":true,"valueName":"search_term_string"}}],"inLanguage":"en-US"},{"@type":"Person","@id":"https:\/\/secuoyastudios.com\/en\/#\/schema\/person\/c08372c3b4095096846e41ca0b0c6cd0","name":"Cristina Abel"}]}},"_links":{"self":[{"href":"https:\/\/secuoyastudios.com\/en\/wp-json\/wp\/v2\/posts\/9715","targetHints":{"allow":["GET"]}}],"collection":[{"href":"https:\/\/secuoyastudios.com\/en\/wp-json\/wp\/v2\/posts"}],"about":[{"href":"https:\/\/secuoyastudios.com\/en\/wp-json\/wp\/v2\/types\/post"}],"author":[{"embeddable":true,"href":"https:\/\/secuoyastudios.com\/en\/wp-json\/wp\/v2\/users\/4"}],"replies":[{"embeddable":true,"href":"https:\/\/secuoyastudios.com\/en\/wp-json\/wp\/v2\/comments?post=9715"}],"version-history":[{"count":3,"href":"https:\/\/secuoyastudios.com\/en\/wp-json\/wp\/v2\/posts\/9715\/revisions"}],"predecessor-version":[{"id":9719,"href":"https:\/\/secuoyastudios.com\/en\/wp-json\/wp\/v2\/posts\/9715\/revisions\/9719"}],"wp:featuredmedia":[{"embeddable":true,"href":"https:\/\/secuoyastudios.com\/en\/wp-json\/wp\/v2\/media\/9143"}],"wp:attachment":[{"href":"https:\/\/secuoyastudios.com\/en\/wp-json\/wp\/v2\/media?parent=9715"}],"wp:term":[{"taxonomy":"category","embeddable":true,"href":"https:\/\/secuoyastudios.com\/en\/wp-json\/wp\/v2\/categories?post=9715"},{"taxonomy":"post_tag","embeddable":true,"href":"https:\/\/secuoyastudios.com\/en\/wp-json\/wp\/v2\/tags?post=9715"}],"curies":[{"name":"wp","href":"https:\/\/api.w.org\/{rel}","templated":true}]}}